{"id":8194,"date":"2025-03-15T13:28:16","date_gmt":"2025-03-15T10:28:16","guid":{"rendered":"https:\/\/www.protranslate.net\/blog\/?p=8194"},"modified":"2025-03-15T13:28:16","modified_gmt":"2025-03-15T10:28:16","slug":"jezyki-urzedowe-unii-europejskiej-znaczenie-i-przyszlosc","status":"publish","type":"post","link":"https:\/\/www.protranslate.net\/blog\/pl\/jezyki-urzedowe-unii-europejskiej-znaczenie-i-przyszlosc\/","title":{"rendered":"J\u0119zyki Urz\u0119dowe Unii Europejskiej: Znaczenie i Przysz\u0142o\u015b\u0107"},"content":{"rendered":"<p data-start=\"77\" data-end=\"440\"><a href=\"https:\/\/pl.wikipedia.org\/wiki\/Unia_Europejska\">Unia Europejska (UE)<\/a> to nie tylko wsp\u00f3lnota gospodarcza i polityczna, ale tak\u017ce mozaika kulturowa, w kt\u00f3rej r\u00f3\u017cnorodno\u015b\u0107 j\u0119zykowa odgrywa kluczow\u0105 rol\u0119. Obecnie w UE funkcjonuje <strong data-start=\"255\" data-end=\"277\">24 j\u0119zyki urz\u0119dowe<\/strong>, a ka\u017cdy z nich jest no\u015bnikiem to\u017csamo\u015bci, historii i tradycji milion\u00f3w ludzi. Ochrona tych j\u0119zyk\u00f3w stanowi fundament demokracji i r\u00f3wno\u015bci obywateli w Europie.<\/p>\n<p data-start=\"442\" data-end=\"707\">UE dba o to, aby ka\u017cdy obywatel mia\u0142 mo\u017cliwo\u015b\u0107 dost\u0119pu do informacji w swoim ojczystym j\u0119zyku. W tym celu kluczow\u0105 rol\u0119 odgrywaj\u0105 <a href=\"https:\/\/www.protranslate.net\/pl\/oficjalne-tlumaczenia\/\"><strong data-start=\"572\" data-end=\"596\">us\u0142ugi t\u0142umaczeniowe<\/strong><\/a>, kt\u00f3re umo\u017cliwiaj\u0105 funkcjonowanie administracji i instytucji europejskich we wszystkich j\u0119zykach urz\u0119dowych.<\/p>\n<div id=\"ez-toc-container\" class=\"ez-toc-v2_0_63 counter-hierarchy ez-toc-counter ez-toc-grey ez-toc-container-direction\">\n<div class=\"ez-toc-title-container\">\n<p class=\"ez-toc-title \" >Table of Contents<\/p>\n<span class=\"ez-toc-title-toggle\"><a href=\"#\" class=\"ez-toc-pull-right ez-toc-btn ez-toc-btn-xs ez-toc-btn-default ez-toc-toggle\" aria-label=\"Toggle Table of Content\"><span class=\"ez-toc-js-icon-con\"><span class=\"\"><span class=\"eztoc-hide\" style=\"display:none;\">Toggle<\/span><span class=\"ez-toc-icon-toggle-span\"><svg style=\"fill: #999;color:#999\" xmlns=\"http:\/\/www.w3.org\/2000\/svg\" class=\"list-377408\" width=\"20px\" height=\"20px\" viewBox=\"0 0 24 24\" fill=\"none\"><path d=\"M6 6H4v2h2V6zm14 0H8v2h12V6zM4 11h2v2H4v-2zm16 0H8v2h12v-2zM4 16h2v2H4v-2zm16 0H8v2h12v-2z\" fill=\"currentColor\"><\/path><\/svg><svg style=\"fill: #999;color:#999\" class=\"arrow-unsorted-368013\" xmlns=\"http:\/\/www.w3.org\/2000\/svg\" width=\"10px\" height=\"10px\" viewBox=\"0 0 24 24\" version=\"1.2\" baseProfile=\"tiny\"><path d=\"M18.2 9.3l-6.2-6.3-6.2 6.3c-.2.2-.3.4-.3.7s.1.5.3.7c.2.2.4.3.7.3h11c.3 0 .5-.1.7-.3.2-.2.3-.5.3-.7s-.1-.5-.3-.7zM5.8 14.7l6.2 6.3 6.2-6.3c.2-.2.3-.5.3-.7s-.1-.5-.3-.7c-.2-.2-.4-.3-.7-.3h-11c-.3 0-.5.1-.7.3-.2.2-.3.5-.3.7s.1.5.3.7z\"\/><\/svg><\/span><\/span><\/span><\/a><\/span><\/div>\n<nav><ul class='ez-toc-list ez-toc-list-level-1 ' ><li class='ez-toc-page-1 ez-toc-heading-level-2'><a class=\"ez-toc-link ez-toc-heading-1\" href=\"https:\/\/www.protranslate.net\/blog\/pl\/jezyki-urzedowe-unii-europejskiej-znaczenie-i-przyszlosc\/#Rola_Jezykow_Urzedowych_w_UE\" title=\"Rola J\u0119zyk\u00f3w Urz\u0119dowych w UE\">Rola J\u0119zyk\u00f3w Urz\u0119dowych w UE<\/a><\/li><li class='ez-toc-page-1 ez-toc-heading-level-2'><a class=\"ez-toc-link ez-toc-heading-2\" href=\"https:\/\/www.protranslate.net\/blog\/pl\/jezyki-urzedowe-unii-europejskiej-znaczenie-i-przyszlosc\/#Dokumenty_Wymagane_do_Nauki_i_Pracy_w_UE\" title=\"Dokumenty Wymagane do Nauki i Pracy w UE\">Dokumenty Wymagane do Nauki i Pracy w UE<\/a><\/li><li class='ez-toc-page-1 ez-toc-heading-level-2'><a class=\"ez-toc-link ez-toc-heading-3\" href=\"https:\/\/www.protranslate.net\/blog\/pl\/jezyki-urzedowe-unii-europejskiej-znaczenie-i-przyszlosc\/#24_Jezyki_Urzedowe_i_Kraje_w_Ktorych_Sa_Uzywane\" title=\"24 J\u0119zyki Urz\u0119dowe i Kraje, w Kt\u00f3rych S\u0105 U\u017cywane\">24 J\u0119zyki Urz\u0119dowe i Kraje, w Kt\u00f3rych S\u0105 U\u017cywane<\/a><\/li><li class='ez-toc-page-1 ez-toc-heading-level-2'><a class=\"ez-toc-link ez-toc-heading-4\" href=\"https:\/\/www.protranslate.net\/blog\/pl\/jezyki-urzedowe-unii-europejskiej-znaczenie-i-przyszlosc\/#Status_Jezyka_Angielskiego_po_Brexicie\" title=\"Status J\u0119zyka Angielskiego po Brexicie\">Status J\u0119zyka Angielskiego po Brexicie<\/a><\/li><li class='ez-toc-page-1 ez-toc-heading-level-2'><a class=\"ez-toc-link ez-toc-heading-5\" href=\"https:\/\/www.protranslate.net\/blog\/pl\/jezyki-urzedowe-unii-europejskiej-znaczenie-i-przyszlosc\/#Czy_Roznorodnosc_Jezykowa_w_UE_Jest_Problemem_czy_Atutem\" title=\"Czy R\u00f3\u017cnorodno\u015b\u0107 J\u0119zykowa w UE Jest Problemem czy Atutem?\">Czy R\u00f3\u017cnorodno\u015b\u0107 J\u0119zykowa w UE Jest Problemem czy Atutem?<\/a><\/li><li class='ez-toc-page-1 ez-toc-heading-level-2'><a class=\"ez-toc-link ez-toc-heading-6\" href=\"https:\/\/www.protranslate.net\/blog\/pl\/jezyki-urzedowe-unii-europejskiej-znaczenie-i-przyszlosc\/#Tlumaczenia_i_Interpretacja_Klucz_do_Komunikacji_w_UE\" title=\"T\u0142umaczenia i Interpretacja: Klucz do Komunikacji w UE\">T\u0142umaczenia i Interpretacja: Klucz do Komunikacji w UE<\/a><\/li><li class='ez-toc-page-1 ez-toc-heading-level-2'><a class=\"ez-toc-link ez-toc-heading-7\" href=\"https:\/\/www.protranslate.net\/blog\/pl\/jezyki-urzedowe-unii-europejskiej-znaczenie-i-przyszlosc\/#Nauka_Jezykow_w_UE\" title=\"Nauka J\u0119zyk\u00f3w w UE\">Nauka J\u0119zyk\u00f3w w UE<\/a><\/li><li class='ez-toc-page-1 ez-toc-heading-level-2'><a class=\"ez-toc-link ez-toc-heading-8\" href=\"https:\/\/www.protranslate.net\/blog\/pl\/jezyki-urzedowe-unii-europejskiej-znaczenie-i-przyszlosc\/#Jezyki_Urzedowe_Znaczenie_Jezykow_dla_Europejczykow\" title=\"J\u0119zyki Urz\u0119dowe: Znaczenie J\u0119zyk\u00f3w dla Europejczyk\u00f3w\">J\u0119zyki Urz\u0119dowe: Znaczenie J\u0119zyk\u00f3w dla Europejczyk\u00f3w<\/a><\/li><li class='ez-toc-page-1 ez-toc-heading-level-2'><a class=\"ez-toc-link ez-toc-heading-9\" href=\"https:\/\/www.protranslate.net\/blog\/pl\/jezyki-urzedowe-unii-europejskiej-znaczenie-i-przyszlosc\/#Przyszlosc_Polityki_Jezykowej_UE\" title=\"Przysz\u0142o\u015b\u0107 Polityki J\u0119zykowej UE\">Przysz\u0142o\u015b\u0107 Polityki J\u0119zykowej UE<\/a><\/li><\/ul><\/nav><\/div>\n<h2 data-start=\"709\" data-end=\"746\"><span class=\"ez-toc-section\" id=\"Rola_Jezykow_Urzedowych_w_UE\"><\/span>Rola J\u0119zyk\u00f3w Urz\u0119dowych w UE<span class=\"ez-toc-section-end\"><\/span><\/h2>\n<p data-start=\"748\" data-end=\"1005\">Aby zagwarantowa\u0107 r\u00f3wno\u015b\u0107 j\u0119zykow\u0105, wszystkie unijne przepisy, dokumenty i decyzje s\u0105 t\u0142umaczone na <strong data-start=\"848\" data-end=\"870\">24 j\u0119zyki urz\u0119dowe<\/strong>. Ka\u017cdy pose\u0142 do Parlamentu Europejskiego mo\u017ce przemawia\u0107 w swoim ojczystym j\u0119zyku, co zapewnia sprawiedliw\u0105 i skuteczn\u0105 komunikacj\u0119.<\/p>\n<p data-start=\"1007\" data-end=\"1367\">Polityka j\u0119zykowa Unii Europejskiej to nie tylko formalno\u015b\u0107, ale tak\u017ce narz\u0119dzie zapobiegaj\u0105ce dyskryminacji. Gdyby tylko kilka j\u0119zyk\u00f3w dominowa\u0142o, niekt\u00f3re pa\u0144stwa cz\u0142onkowskie i ich obywatele mogliby znale\u017a\u0107 si\u0119 w gorszej pozycji. Dlatego UE inwestuje w <strong data-start=\"1263\" data-end=\"1313\"><a href=\"https:\/\/www.protranslate.net\/pl\/tlumaczenie-przysiegle\/\">t\u0142umaczenia przysi\u0119g\u0142e<\/a> i us\u0142ugi translatorskie<\/strong>, aby zapewni\u0107 r\u00f3wne traktowanie wszystkich j\u0119zyk\u00f3w.<\/p>\n<p data-start=\"1007\" data-end=\"1367\">\n<p data-start=\"1007\" data-end=\"1367\">\n            <style>\n                #mica_ecta_87.mica_ecta_layout{\n                    padding-top: 20px !important;\n                    padding-bottom: 20px !important;\n                    padding-left: 30px !important;\n                    padding-right: 30px !important;\n                    border-radius: 10px !important;\n                    background-color: #18c3fb !important;\n                    text-align: left !important;\n                }\n\n                #mica_ecta_87 .mica_ecta_title{\n                    font-size: 28px !important;\n                    font-weight: 700 !important;\n                    color: #ffffff !important;\n                    line-height: 1.3 !important;\n                    margin-top: 0 !important;\n                    margin-bottom: 0.5rem !important;\n                }\n\n                #mica_ecta_87 .mica_ecta_text{\n                    font-size: 16px !important;\n                    font-weight: 400 !important;\n                    color: #ffffff !important;\n                    line-height: 1.5 !important;\n                    margin-top: 0 !important;\n                    margin-bottom: 1rem !important;\n                }\n                \n                #mica_ecta_87 .mica_ecta_btn{\n                    font-size: 16px !important;\n                    font-weight: 700 !important;\n                    color: #1b1b1b !important;\n                    background-color: #f1f51b !important;\n                    padding-top: 8px !important;\n                    padding-bottom: 8px !important;\n                    padding-left: 16px !important;\n                    padding-right: 16px !important;\n                    border-radius: 6px !important;\n                    text-decoration: none !important;\n                    outline: none !important;\n                    transition: all 0.3s ease !important;\n                    margin-top: 5px !important;\n                    display: inline-block !important;\n                }\n                \n                #mica_ecta_87 .mica_ecta_btn:hover{\n                    color: #ffffff !important;\n                    background-color: #f45b69 !important;\n                }\n            <\/style>\n            <div id='mica_ecta_87' class='mica_ecta_layout'><h3 class='mica_ecta_title'>T\u0142umaczenie Po\u015bwiadczone Online<\/h3><p class='mica_ecta_text'>T\u0142umaczenia po\u015bwiadczone r\u00f3wnie\u017c mo\u017cna wykona\u0107 przez Internet. Nie wiedzieli\u015bcie? Dzi\u0119ki Protranslate.Net jednym klikni\u0119ciem skontaktujesz si\u0119 z t\u0142umaczem przysi\u0119g\u0142ym.<\/p><a href='https:\/\/www.protranslate.net\/pl\/order\/?certified=1' class='mica_ecta_btn' >Uzyskaj wycen\u0119<\/a><\/div><\/p>\n<p data-start=\"1007\" data-end=\"1367\">\n<h2 data-start=\"1369\" data-end=\"1418\"><span class=\"ez-toc-section\" id=\"Dokumenty_Wymagane_do_Nauki_i_Pracy_w_UE\"><\/span>Dokumenty Wymagane do Nauki i Pracy w UE<span class=\"ez-toc-section-end\"><\/span><\/h2>\n<p data-start=\"1420\" data-end=\"1584\">Osoby, kt\u00f3re chc\u0105 studiowa\u0107 lub pracowa\u0107 w innym kraju UE, musz\u0105 przed\u0142o\u017cy\u0107 oficjalne dokumenty w odpowiednim j\u0119zyku. Do najcz\u0119\u015bciej wymaganych dokument\u00f3w nale\u017c\u0105:<\/p>\n<ul data-start=\"1586\" data-end=\"1713\">\n<li data-start=\"1586\" data-end=\"1618\">Dyplomy i \u015bwiadectwa szkolne<\/li>\n<li data-start=\"1619\" data-end=\"1652\">Za\u015bwiadczenia o niekaralno\u015bci<\/li>\n<li data-start=\"1653\" data-end=\"1693\">Dokumenty rejestracyjne i meldunkowe<\/li>\n<li data-start=\"1694\" data-end=\"1713\">Wyci\u0105gi bankowe<\/li>\n<\/ul>\n<p data-start=\"1715\" data-end=\"1888\">Aby proces rekrutacyjny lub administracyjny przebieg\u0142 bezproblemowo, cz\u0119sto wymagane s\u0105 <strong data-start=\"1803\" data-end=\"1829\">t\u0142umaczenia przysi\u0119g\u0142e<\/strong>, kt\u00f3re gwarantuj\u0105 poprawno\u015b\u0107 i autentyczno\u015b\u0107 dokument\u00f3w.<\/p>\n<h2 data-start=\"1890\" data-end=\"1947\"><span class=\"ez-toc-section\" id=\"24_Jezyki_Urzedowe_i_Kraje_w_Ktorych_Sa_Uzywane\"><\/span>24 J\u0119zyki Urz\u0119dowe i Kraje, w Kt\u00f3rych S\u0105 U\u017cywane<span class=\"ez-toc-section-end\"><\/span><\/h2>\n<p data-start=\"1949\" data-end=\"1977\">J\u0119zykami urz\u0119dowymi UE s\u0105:<\/p>\n<ul data-start=\"1979\" data-end=\"2639\">\n<li data-start=\"1979\" data-end=\"2002\"><strong data-start=\"1981\" data-end=\"1991\">Polski<\/strong> \u2013 Polska<\/li>\n<li data-start=\"2003\" data-end=\"2038\"><strong data-start=\"2005\" data-end=\"2018\">Angielski<\/strong> \u2013 Irlandia, Malta<\/li>\n<li data-start=\"2039\" data-end=\"2086\"><a href=\"https:\/\/www.protranslate.net\/blog\/pl\/francuskojezyczne-kraje-ktore-kraje-mowia-po-francusku\/\"><strong data-start=\"2041\" data-end=\"2054\">Francuski<\/strong> <\/a>\u2013 Francja, Belgia, Luksemburg<\/li>\n<li data-start=\"2087\" data-end=\"2142\"><a href=\"https:\/\/www.protranslate.net\/blog\/pl\/ilu-ludzi-uzywa-jezyka-niemieckiego-na-calym-swiecie\/\"><strong data-start=\"2089\" data-end=\"2102\">Niemiecki<\/strong> <\/a>\u2013 Niemcy, Austria, Belgia, Luksemburg<\/li>\n<li data-start=\"2143\" data-end=\"2173\"><strong data-start=\"2145\" data-end=\"2159\">Hiszpa\u0144ski<\/strong> \u2013 Hiszpania<\/li>\n<li data-start=\"2174\" data-end=\"2197\"><a href=\"https:\/\/www.protranslate.net\/blog\/pl\/ile-osob-na-swiecie-mowi-po-jezyk-wloski\/\"><strong data-start=\"2176\" data-end=\"2186\">W\u0142oski<\/strong> <\/a>\u2013 W\u0142ochy<\/li>\n<li data-start=\"2198\" data-end=\"2237\"><strong data-start=\"2200\" data-end=\"2216\">Niderlandzki<\/strong> \u2013 Holandia, Belgia<\/li>\n<li data-start=\"2238\" data-end=\"2261\"><strong data-start=\"2240\" data-end=\"2250\">Czeski<\/strong> \u2013 Czechy<\/li>\n<li data-start=\"2262\" data-end=\"2289\"><strong data-start=\"2264\" data-end=\"2276\">S\u0142owacki<\/strong> \u2013 S\u0142owacja<\/li>\n<li data-start=\"2290\" data-end=\"2315\"><strong data-start=\"2292\" data-end=\"2305\">W\u0119gierski<\/strong> \u2013 W\u0119gry<\/li>\n<li data-start=\"2316\" data-end=\"2342\"><strong data-start=\"2318\" data-end=\"2330\">Rumu\u0144ski<\/strong> \u2013 Rumunia<\/li>\n<li data-start=\"2343\" data-end=\"2371\"><strong data-start=\"2345\" data-end=\"2358\">Bu\u0142garski<\/strong> \u2013 Bu\u0142garia<\/li>\n<li data-start=\"2372\" data-end=\"2401\"><strong data-start=\"2374\" data-end=\"2387\">Chorwacki<\/strong> \u2013 Chorwacja<\/li>\n<li data-start=\"2402\" data-end=\"2431\"><a href=\"https:\/\/www.protranslate.net\/blog\/pl\/dlaczego-warto-uczyc-sie-jezyka-greckiego\/\"><strong data-start=\"2404\" data-end=\"2414\">Grecki<\/strong> <\/a>\u2013 Grecja, Cypr<\/li>\n<li data-start=\"2432\" data-end=\"2454\"><strong data-start=\"2434\" data-end=\"2444\">Du\u0144ski<\/strong> \u2013 Dania<\/li>\n<li data-start=\"2455\" data-end=\"2481\"><strong data-start=\"2457\" data-end=\"2469\">Szwedzki<\/strong> \u2013 Szwecja<\/li>\n<li data-start=\"2482\" data-end=\"2508\"><strong data-start=\"2484\" data-end=\"2494\">Fi\u0144ski<\/strong> \u2013 Finlandia<\/li>\n<li data-start=\"2509\" data-end=\"2535\"><strong data-start=\"2511\" data-end=\"2523\">Esto\u0144ski<\/strong> \u2013 Estonia<\/li>\n<li data-start=\"2536\" data-end=\"2560\"><strong data-start=\"2538\" data-end=\"2550\">\u0141otewski<\/strong> \u2013 \u0141otwa<\/li>\n<li data-start=\"2561\" data-end=\"2585\"><strong data-start=\"2563\" data-end=\"2575\">Litewski<\/strong> \u2013 Litwa<\/li>\n<li data-start=\"2586\" data-end=\"2610\"><strong data-start=\"2588\" data-end=\"2600\">Malt\u0144ski<\/strong> \u2013 Malta<\/li>\n<li data-start=\"2611\" data-end=\"2639\"><strong data-start=\"2613\" data-end=\"2626\">Irlandzki<\/strong> \u2013 Irlandia<\/li>\n<\/ul>\n<h2 data-start=\"2641\" data-end=\"2688\"><span class=\"ez-toc-section\" id=\"Status_Jezyka_Angielskiego_po_Brexicie\"><\/span>Status J\u0119zyka Angielskiego po Brexicie<span class=\"ez-toc-section-end\"><\/span><\/h2>\n<p data-start=\"2690\" data-end=\"3038\">Po wyj\u015bciu Wielkiej Brytanii z UE pojawi\u0142y si\u0119 w\u0105tpliwo\u015bci dotycz\u0105ce statusu j\u0119zyka angielskiego. Jednak poniewa\u017c <strong data-start=\"2804\" data-end=\"2824\">Irlandia i Malta<\/strong> zachowa\u0142y angielski jako sw\u00f3j j\u0119zyk urz\u0119dowy, pozostaje on jednym z oficjalnych j\u0119zyk\u00f3w UE. Ponadto, angielski jest nadal najcz\u0119\u015bciej u\u017cywanym j\u0119zykiem w komunikacji mi\u0119dzynarodowej oraz w instytucjach unijnych.<\/p>\n<h2 data-start=\"3040\" data-end=\"3106\"><span class=\"ez-toc-section\" id=\"Czy_Roznorodnosc_Jezykowa_w_UE_Jest_Problemem_czy_Atutem\"><\/span>Czy R\u00f3\u017cnorodno\u015b\u0107 J\u0119zykowa w UE Jest Problemem czy Atutem?<span class=\"ez-toc-section-end\"><\/span><\/h2>\n<p data-start=\"3108\" data-end=\"3377\">Cho\u0107 24 j\u0119zyki urz\u0119dowe mog\u0105 wydawa\u0107 si\u0119 wyzwaniem administracyjnym, w rzeczywisto\u015bci s\u0105 <strong data-start=\"3197\" data-end=\"3238\">si\u0142\u0105 nap\u0119dow\u0105 europejskiej integracji<\/strong>. Wspieraj\u0105 r\u00f3\u017cnorodno\u015b\u0107 kulturow\u0105, umo\u017cliwiaj\u0105 r\u00f3wne traktowanie wszystkich obywateli i wzmacniaj\u0105 poczucie przynale\u017cno\u015bci do wsp\u00f3lnoty.<\/p>\n<p data-start=\"3379\" data-end=\"3489\">Ponadto, UE aktywnie promuje nauk\u0119 j\u0119zyk\u00f3w obcych, aby u\u0142atwia\u0107 komunikacj\u0119 i mobilno\u015b\u0107 w obr\u0119bie Wsp\u00f3lnoty.<\/p>\n<h2 data-start=\"3491\" data-end=\"3554\"><span class=\"ez-toc-section\" id=\"Tlumaczenia_i_Interpretacja_Klucz_do_Komunikacji_w_UE\"><\/span>T\u0142umaczenia i Interpretacja: Klucz do Komunikacji w UE<span class=\"ez-toc-section-end\"><\/span><\/h2>\n<p data-start=\"3556\" data-end=\"3847\">Unia Europejska zatrudnia tysi\u0105ce t\u0142umaczy i interpretator\u00f3w, aby zagwarantowa\u0107, \u017ce wszystkie dokumenty i decyzje s\u0105 dost\u0119pne w j\u0119zykach urz\u0119dowych. Komisja Europejska i Parlament Europejski maj\u0105 <strong data-start=\"3752\" data-end=\"3789\">rozbudowane zespo\u0142y t\u0142umaczeniowe<\/strong>, kt\u00f3re umo\u017cliwiaj\u0105 skuteczne funkcjonowanie instytucji.<\/p>\n<p data-start=\"3849\" data-end=\"4027\">Ponadto, dynamiczny rozw\u00f3j <strong data-start=\"3876\" data-end=\"3915\">narz\u0119dzi t\u0142umaczenia automatycznego<\/strong> u\u0142atwia dost\u0119p do informacji, jednak t\u0142umaczenia ludzkie nadal pozostaj\u0105 niezb\u0119dne dla precyzyjnego przekazu.<\/p>\n<h2 data-start=\"4029\" data-end=\"4056\"><span class=\"ez-toc-section\" id=\"Nauka_Jezykow_w_UE\"><\/span>Nauka J\u0119zyk\u00f3w w UE<span class=\"ez-toc-section-end\"><\/span><\/h2>\n<p data-start=\"4058\" data-end=\"4305\">Unia Europejska zach\u0119ca swoich obywateli do nauki j\u0119zyk\u00f3w obcych, wdra\u017caj\u0105c polityk\u0119 <strong data-start=\"4143\" data-end=\"4181\">&#8220;j\u0119zyk ojczysty + dwa j\u0119zyki obce&#8221;<\/strong>. Oznacza to, \u017ce ka\u017cde dziecko w UE powinno mie\u0107 mo\u017cliwo\u015b\u0107 nauki co najmniej dw\u00f3ch j\u0119zyk\u00f3w obcych ju\u017c od najm\u0142odszych lat.<\/p>\n<p data-start=\"4307\" data-end=\"4439\">To rozwi\u0105zanie zwi\u0119ksza mobilno\u015b\u0107 zawodow\u0105 i spo\u0142eczn\u0105, u\u0142atwia podr\u00f3\u017ce oraz poprawia wzajemne zrozumienie mi\u0119dzy narodami Europy.<\/p>\n<p data-start=\"4307\" data-end=\"4439\">\n<p data-start=\"4307\" data-end=\"4439\">\n            <style>\n                #mica_ecta_106.mica_ecta_layout{\n                    padding-top: 20px !important;\n                    padding-bottom: 20px !important;\n                    padding-left: 30px !important;\n                    padding-right: 30px !important;\n                    border-radius: 10px !important;\n                    background-color: #18c3fb !important;\n                    text-align: left !important;\n                }\n\n                #mica_ecta_106 .mica_ecta_title{\n                    font-size: 28px !important;\n                    font-weight: 700 !important;\n                    color: #ffffff !important;\n                    line-height: 1.3 !important;\n                    margin-top: 0 !important;\n                    margin-bottom: 0.5rem !important;\n                }\n\n                #mica_ecta_106 .mica_ecta_text{\n                    font-size: 16px !important;\n                    font-weight: 400 !important;\n                    color: #ffffff !important;\n                    line-height: 1.5 !important;\n                    margin-top: 0 !important;\n                    margin-bottom: 1rem !important;\n                }\n                \n                #mica_ecta_106 .mica_ecta_btn{\n                    font-size: 16px !important;\n                    font-weight: 700 !important;\n                    color: #1b1b1b !important;\n                    background-color: #f1f51b !important;\n                    padding-top: 8px !important;\n                    padding-bottom: 8px !important;\n                    padding-left: 16px !important;\n                    padding-right: 16px !important;\n                    border-radius: 6px !important;\n                    text-decoration: none !important;\n                    outline: none !important;\n                    transition: all 0.3s ease !important;\n                    margin-top: 5px !important;\n                    display: inline-block !important;\n                }\n                \n                #mica_ecta_106 .mica_ecta_btn:hover{\n                    color: #ffffff !important;\n                    background-color: #f45b69 !important;\n                }\n            <\/style>\n            <div id='mica_ecta_106' class='mica_ecta_layout'><h3 class='mica_ecta_title'>Profesjonalne T\u0142umaczenie Dokument\u00f3w<\/h3><p class='mica_ecta_text'>Czy szukasz szybkiego i wygodnego sposobu na t\u0142umaczenie dokument\u00f3w? Nie martw si\u0119, Protranslate.net oferuje profesjonalne us\u0142ugi t\u0142umaczeniowe online!<\/p><a href='https:\/\/www.protranslate.net\/pl\/order\/' class='mica_ecta_btn' >Uzyskaj wycen\u0119<\/a><\/div><\/p>\n<p data-start=\"4307\" data-end=\"4439\">\n<h2 data-start=\"4441\" data-end=\"4485\"><span class=\"ez-toc-section\" id=\"Jezyki_Urzedowe_Znaczenie_Jezykow_dla_Europejczykow\"><\/span>J\u0119zyki Urz\u0119dowe: Znaczenie J\u0119zyk\u00f3w dla Europejczyk\u00f3w<span class=\"ez-toc-section-end\"><\/span><\/h2>\n<p data-start=\"4487\" data-end=\"4731\">Znajomo\u015b\u0107 j\u0119zyk\u00f3w obcych daje przewag\u0119 na rynku pracy, u\u0142atwia adaptacj\u0119 w nowym kraju i sprzyja integracji spo\u0142ecznej. Wsp\u00f3\u0142czesny Europejczyk, kt\u00f3ry zna kilka j\u0119zyk\u00f3w, ma wi\u0119ksze szanse na rozw\u00f3j kariery i lepsze zrozumienie r\u00f3\u017cnych kultur.<\/p>\n<p data-start=\"4733\" data-end=\"4868\">Co wi\u0119cej, nauka j\u0119zyk\u00f3w wp\u0142ywa pozytywnie na zdolno\u015bci poznawcze, rozwija kreatywno\u015b\u0107 i poprawia umiej\u0119tno\u015b\u0107 analitycznego my\u015blenia.<\/p>\n<h2 data-start=\"4870\" data-end=\"4911\"><span class=\"ez-toc-section\" id=\"Przyszlosc_Polityki_Jezykowej_UE\"><\/span>Przysz\u0142o\u015b\u0107 Polityki J\u0119zykowej UE<span class=\"ez-toc-section-end\"><\/span><\/h2>\n<p data-start=\"4913\" data-end=\"5190\">Nowoczesne technologie t\u0142umaczeniowe, w tym <strong data-start=\"4957\" data-end=\"4982\">sztuczna inteligencja<\/strong>, coraz bardziej u\u0142atwiaj\u0105 komunikacj\u0119 mi\u0119dzy j\u0119zykami. Jednak potrzeba <strong data-start=\"5054\" data-end=\"5097\">autentycznej komunikacji mi\u0119dzyludzkiej<\/strong> nie zniknie, dlatego Unia Europejska b\u0119dzie nadal inwestowa\u0107 w ochron\u0119 j\u0119zyk\u00f3w urz\u0119dowych.<\/p>\n<h3 data-start=\"5192\" data-end=\"5236\">J\u0119zyki Urz\u0119dowe: Najcz\u0119\u015bciej Zadawane Pytania (FAQ)<\/h3>\n<p data-start=\"5238\" data-end=\"5313\"><strong data-start=\"5238\" data-end=\"5271\">Ile j\u0119zyk\u00f3w urz\u0119dowych ma UE?<\/strong><br data-start=\"5271\" data-end=\"5274\" \/>Obecnie UE ma <strong data-start=\"5288\" data-end=\"5310\">24 j\u0119zyki urz\u0119dowe<\/strong>.<\/p>\n<p data-start=\"5315\" data-end=\"5426\"><strong data-start=\"5315\" data-end=\"5366\">Czy angielski jest nadal j\u0119zykiem urz\u0119dowym UE?<\/strong><br data-start=\"5366\" data-end=\"5369\" \/>Tak, poniewa\u017c jest j\u0119zykiem urz\u0119dowym Irlandii i Malty.<\/p>\n<p data-start=\"5428\" data-end=\"5580\"><strong data-start=\"5428\" data-end=\"5473\">Jaki jest najcz\u0119\u015bciej u\u017cywany j\u0119zyk w UE?<\/strong><br data-start=\"5473\" data-end=\"5476\" \/>Niemiecki ma najwi\u0119cej rodzimych u\u017cytkownik\u00f3w, ale angielski jest najcz\u0119\u015bciej u\u017cywanym j\u0119zykiem obcym.<\/p>\n<p data-start=\"5582\" data-end=\"5729\"><strong data-start=\"5582\" data-end=\"5627\">Dlaczego UE promuje nauk\u0119 j\u0119zyk\u00f3w obcych?<\/strong><br data-start=\"5627\" data-end=\"5630\" \/>Aby zwi\u0119kszy\u0107 mo\u017cliwo\u015bci zawodowe obywateli, poprawi\u0107 mobilno\u015b\u0107 i wspiera\u0107 integracj\u0119 europejsk\u0105.<\/p>\n<p data-start=\"5731\" data-end=\"5887\"><strong data-start=\"5731\" data-end=\"5776\">Czy polityka j\u0119zykowa UE ulegnie zmianie?<\/strong><br data-start=\"5776\" data-end=\"5779\" \/>UE nadal b\u0119dzie chroni\u0107 j\u0119zyki urz\u0119dowe, ale rozw\u00f3j technologii t\u0142umaczeniowych mo\u017ce upro\u015bci\u0107 komunikacj\u0119.<\/p>\n<p data-start=\"5731\" data-end=\"5887\">\n","protected":false},"excerpt":{"rendered":"<p>Unia Europejska (UE) to nie tylko wsp\u00f3lnota gospodarcza i polityczna, ale tak\u017ce mozaika kulturowa, w kt\u00f3rej r\u00f3\u017cnorodno\u015b\u0107 j\u0119zykowa odgrywa kluczow\u0105 rol\u0119. Obecnie w UE funkcjonuje 24 j\u0119zyki urz\u0119dowe, a ka\u017cdy z nich jest no\u015bnikiem to\u017csamo\u015bci, historii i tradycji milion\u00f3w ludzi. Ochrona tych j\u0119zyk\u00f3w stanowi fundament demokracji i r\u00f3wno\u015bci obywateli w Europie. UE dba o to, [&hellip;]<\/p>\n","protected":false},"author":8,"featured_media":8195,"comment_status":"open","ping_status":"open","sticky":false,"template":"","format":"standard","meta":{"_et_pb_use_builder":"","_et_pb_old_content":"","_et_gb_content_width":"","footnotes":""},"categories":[172],"tags":[],"class_list":["post-8194","post","type-post","status-publish","format-standard","has-post-thumbnail","hentry","category-tlumaczenie-pl"],"yoast_head":"<!-- This site is optimized with the Yoast SEO plugin v22.3 - https:\/\/yoast.com\/wordpress\/plugins\/seo\/ -->\n<title>J\u0119zyki Urz\u0119dowe Unii Europejskiej: Znaczenie i Przysz\u0142o\u015b\u0107 - Protranslate Blog<\/title>\n<meta name=\"description\" content=\"Poznaj 24 j\u0119zyki urz\u0119dowe UE, ich rol\u0119, znaczenie t\u0142umacze\u0144 oraz przysz\u0142o\u015b\u0107 polityki j\u0119zykowej w Unia Europejska.\" \/>\n<meta name=\"robots\" content=\"index, follow, max-snippet:-1, max-image-preview:large, max-video-preview:-1\" \/>\n<link rel=\"canonical\" href=\"https:\/\/www.protranslate.net\/blog\/pl\/jezyki-urzedowe-unii-europejskiej-znaczenie-i-przyszlosc\/\" \/>\n<meta property=\"og:locale\" content=\"en_US\" \/>\n<meta property=\"og:type\" content=\"article\" \/>\n<meta property=\"og:title\" content=\"J\u0119zyki Urz\u0119dowe Unii Europejskiej: Znaczenie i Przysz\u0142o\u015b\u0107 - Protranslate Blog\" \/>\n<meta property=\"og:description\" content=\"Poznaj 24 j\u0119zyki urz\u0119dowe UE, ich rol\u0119, znaczenie t\u0142umacze\u0144 oraz przysz\u0142o\u015b\u0107 polityki j\u0119zykowej w Unia Europejska.\" \/>\n<meta property=\"og:url\" content=\"https:\/\/www.protranslate.net\/blog\/pl\/jezyki-urzedowe-unii-europejskiej-znaczenie-i-przyszlosc\/\" \/>\n<meta property=\"og:site_name\" content=\"Protranslate Blog\" \/>\n<meta property=\"article:published_time\" content=\"2025-03-15T10:28:16+00:00\" \/>\n<meta property=\"og:image\" content=\"https:\/\/www.protranslate.net\/blog\/wp-content\/uploads\/Jezyki-Urzedowe.webp\" \/>\n\t<meta property=\"og:image:width\" content=\"800\" \/>\n\t<meta property=\"og:image:height\" content=\"500\" \/>\n\t<meta property=\"og:image:type\" content=\"image\/webp\" \/>\n<meta name=\"author\" content=\"Okan Yavuz\" \/>\n<meta name=\"twitter:card\" content=\"summary_large_image\" \/>\n<meta name=\"twitter:label1\" content=\"Written by\" \/>\n\t<meta name=\"twitter:data1\" content=\"Okan Yavuz\" \/>\n\t<meta name=\"twitter:label2\" content=\"Est. reading time\" \/>\n\t<meta name=\"twitter:data2\" content=\"4 minutes\" \/>\n<script type=\"application\/ld+json\" class=\"yoast-schema-graph\">{\"@context\":\"https:\/\/schema.org\",\"@graph\":[{\"@type\":\"WebPage\",\"@id\":\"https:\/\/www.protranslate.net\/blog\/pl\/jezyki-urzedowe-unii-europejskiej-znaczenie-i-przyszlosc\/\",\"url\":\"https:\/\/www.protranslate.net\/blog\/pl\/jezyki-urzedowe-unii-europejskiej-znaczenie-i-przyszlosc\/\",\"name\":\"J\u0119zyki Urz\u0119dowe Unii Europejskiej: Znaczenie i Przysz\u0142o\u015b\u0107 - Protranslate Blog\",\"isPartOf\":{\"@id\":\"https:\/\/www.protranslate.net\/blog\/#website\"},\"primaryImageOfPage\":{\"@id\":\"https:\/\/www.protranslate.net\/blog\/pl\/jezyki-urzedowe-unii-europejskiej-znaczenie-i-przyszlosc\/#primaryimage\"},\"image\":{\"@id\":\"https:\/\/www.protranslate.net\/blog\/pl\/jezyki-urzedowe-unii-europejskiej-znaczenie-i-przyszlosc\/#primaryimage\"},\"thumbnailUrl\":\"https:\/\/www.protranslate.net\/blog\/wp-content\/uploads\/Jezyki-Urzedowe.webp\",\"datePublished\":\"2025-03-15T10:28:16+00:00\",\"dateModified\":\"2025-03-15T10:28:16+00:00\",\"author\":{\"@id\":\"https:\/\/www.protranslate.net\/blog\/#\/schema\/person\/bd918eb1d889ca9b9ef7b0c684e96991\"},\"description\":\"Poznaj 24 j\u0119zyki urz\u0119dowe UE, ich rol\u0119, znaczenie t\u0142umacze\u0144 oraz przysz\u0142o\u015b\u0107 polityki j\u0119zykowej w Unia Europejska.\",\"breadcrumb\":{\"@id\":\"https:\/\/www.protranslate.net\/blog\/pl\/jezyki-urzedowe-unii-europejskiej-znaczenie-i-przyszlosc\/#breadcrumb\"},\"inLanguage\":\"en-US\",\"potentialAction\":[{\"@type\":\"ReadAction\",\"target\":[\"https:\/\/www.protranslate.net\/blog\/pl\/jezyki-urzedowe-unii-europejskiej-znaczenie-i-przyszlosc\/\"]}]},{\"@type\":\"ImageObject\",\"inLanguage\":\"en-US\",\"@id\":\"https:\/\/www.protranslate.net\/blog\/pl\/jezyki-urzedowe-unii-europejskiej-znaczenie-i-przyszlosc\/#primaryimage\",\"url\":\"https:\/\/www.protranslate.net\/blog\/wp-content\/uploads\/Jezyki-Urzedowe.webp\",\"contentUrl\":\"https:\/\/www.protranslate.net\/blog\/wp-content\/uploads\/Jezyki-Urzedowe.webp\",\"width\":800,\"height\":500,\"caption\":\"J\u0119zyki Urz\u0119dowe\"},{\"@type\":\"BreadcrumbList\",\"@id\":\"https:\/\/www.protranslate.net\/blog\/pl\/jezyki-urzedowe-unii-europejskiej-znaczenie-i-przyszlosc\/#breadcrumb\",\"itemListElement\":[{\"@type\":\"ListItem\",\"position\":1,\"name\":\"Home\",\"item\":\"https:\/\/www.protranslate.net\/blog\/tr\/\"},{\"@type\":\"ListItem\",\"position\":2,\"name\":\"J\u0119zyki Urz\u0119dowe Unii Europejskiej: Znaczenie i Przysz\u0142o\u015b\u0107\"}]},{\"@type\":\"WebSite\",\"@id\":\"https:\/\/www.protranslate.net\/blog\/#website\",\"url\":\"https:\/\/www.protranslate.net\/blog\/\",\"name\":\"Protranslate Blog\",\"description\":\"\",\"potentialAction\":[{\"@type\":\"SearchAction\",\"target\":{\"@type\":\"EntryPoint\",\"urlTemplate\":\"https:\/\/www.protranslate.net\/blog\/?s={search_term_string}\"},\"query-input\":\"required name=search_term_string\"}],\"inLanguage\":\"en-US\"},{\"@type\":\"Person\",\"@id\":\"https:\/\/www.protranslate.net\/blog\/#\/schema\/person\/bd918eb1d889ca9b9ef7b0c684e96991\",\"name\":\"Okan Yavuz\",\"image\":{\"@type\":\"ImageObject\",\"inLanguage\":\"en-US\",\"@id\":\"https:\/\/www.protranslate.net\/blog\/#\/schema\/person\/image\/\",\"url\":\"https:\/\/secure.gravatar.com\/avatar\/eb97a762ed38c9119483979bc4d8a25bffad1584eafddf7bfd405920da4f85ec?s=96&d=mm&r=g\",\"contentUrl\":\"https:\/\/secure.gravatar.com\/avatar\/eb97a762ed38c9119483979bc4d8a25bffad1584eafddf7bfd405920da4f85ec?s=96&d=mm&r=g\",\"caption\":\"Okan Yavuz\"},\"url\":\"https:\/\/www.protranslate.net\/blog\/author\/okan-yavuz\/\"}]}<\/script>\n<!-- \/ Yoast SEO plugin. -->","yoast_head_json":{"title":"J\u0119zyki Urz\u0119dowe Unii Europejskiej: Znaczenie i Przysz\u0142o\u015b\u0107 - Protranslate Blog","description":"Poznaj 24 j\u0119zyki urz\u0119dowe UE, ich rol\u0119, znaczenie t\u0142umacze\u0144 oraz przysz\u0142o\u015b\u0107 polityki j\u0119zykowej w Unia Europejska.","robots":{"index":"index","follow":"follow","max-snippet":"max-snippet:-1","max-image-preview":"max-image-preview:large","max-video-preview":"max-video-preview:-1"},"canonical":"https:\/\/www.protranslate.net\/blog\/pl\/jezyki-urzedowe-unii-europejskiej-znaczenie-i-przyszlosc\/","og_locale":"en_US","og_type":"article","og_title":"J\u0119zyki Urz\u0119dowe Unii Europejskiej: Znaczenie i Przysz\u0142o\u015b\u0107 - Protranslate Blog","og_description":"Poznaj 24 j\u0119zyki urz\u0119dowe UE, ich rol\u0119, znaczenie t\u0142umacze\u0144 oraz przysz\u0142o\u015b\u0107 polityki j\u0119zykowej w Unia Europejska.","og_url":"https:\/\/www.protranslate.net\/blog\/pl\/jezyki-urzedowe-unii-europejskiej-znaczenie-i-przyszlosc\/","og_site_name":"Protranslate Blog","article_published_time":"2025-03-15T10:28:16+00:00","og_image":[{"width":800,"height":500,"url":"https:\/\/www.protranslate.net\/blog\/wp-content\/uploads\/Jezyki-Urzedowe.webp","type":"image\/webp"}],"author":"Okan Yavuz","twitter_card":"summary_large_image","twitter_misc":{"Written by":"Okan Yavuz","Est. reading time":"4 minutes"},"schema":{"@context":"https:\/\/schema.org","@graph":[{"@type":"WebPage","@id":"https:\/\/www.protranslate.net\/blog\/pl\/jezyki-urzedowe-unii-europejskiej-znaczenie-i-przyszlosc\/","url":"https:\/\/www.protranslate.net\/blog\/pl\/jezyki-urzedowe-unii-europejskiej-znaczenie-i-przyszlosc\/","name":"J\u0119zyki Urz\u0119dowe Unii Europejskiej: Znaczenie i Przysz\u0142o\u015b\u0107 - Protranslate Blog","isPartOf":{"@id":"https:\/\/www.protranslate.net\/blog\/#website"},"primaryImageOfPage":{"@id":"https:\/\/www.protranslate.net\/blog\/pl\/jezyki-urzedowe-unii-europejskiej-znaczenie-i-przyszlosc\/#primaryimage"},"image":{"@id":"https:\/\/www.protranslate.net\/blog\/pl\/jezyki-urzedowe-unii-europejskiej-znaczenie-i-przyszlosc\/#primaryimage"},"thumbnailUrl":"https:\/\/www.protranslate.net\/blog\/wp-content\/uploads\/Jezyki-Urzedowe.webp","datePublished":"2025-03-15T10:28:16+00:00","dateModified":"2025-03-15T10:28:16+00:00","author":{"@id":"https:\/\/www.protranslate.net\/blog\/#\/schema\/person\/bd918eb1d889ca9b9ef7b0c684e96991"},"description":"Poznaj 24 j\u0119zyki urz\u0119dowe UE, ich rol\u0119, znaczenie t\u0142umacze\u0144 oraz przysz\u0142o\u015b\u0107 polityki j\u0119zykowej w Unia Europejska.","breadcrumb":{"@id":"https:\/\/www.protranslate.net\/blog\/pl\/jezyki-urzedowe-unii-europejskiej-znaczenie-i-przyszlosc\/#breadcrumb"},"inLanguage":"en-US","potentialAction":[{"@type":"ReadAction","target":["https:\/\/www.protranslate.net\/blog\/pl\/jezyki-urzedowe-unii-europejskiej-znaczenie-i-przyszlosc\/"]}]},{"@type":"ImageObject","inLanguage":"en-US","@id":"https:\/\/www.protranslate.net\/blog\/pl\/jezyki-urzedowe-unii-europejskiej-znaczenie-i-przyszlosc\/#primaryimage","url":"https:\/\/www.protranslate.net\/blog\/wp-content\/uploads\/Jezyki-Urzedowe.webp","contentUrl":"https:\/\/www.protranslate.net\/blog\/wp-content\/uploads\/Jezyki-Urzedowe.webp","width":800,"height":500,"caption":"J\u0119zyki Urz\u0119dowe"},{"@type":"BreadcrumbList","@id":"https:\/\/www.protranslate.net\/blog\/pl\/jezyki-urzedowe-unii-europejskiej-znaczenie-i-przyszlosc\/#breadcrumb","itemListElement":[{"@type":"ListItem","position":1,"name":"Home","item":"https:\/\/www.protranslate.net\/blog\/tr\/"},{"@type":"ListItem","position":2,"name":"J\u0119zyki Urz\u0119dowe Unii Europejskiej: Znaczenie i Przysz\u0142o\u015b\u0107"}]},{"@type":"WebSite","@id":"https:\/\/www.protranslate.net\/blog\/#website","url":"https:\/\/www.protranslate.net\/blog\/","name":"Protranslate Blog","description":"","potentialAction":[{"@type":"SearchAction","target":{"@type":"EntryPoint","urlTemplate":"https:\/\/www.protranslate.net\/blog\/?s={search_term_string}"},"query-input":"required name=search_term_string"}],"inLanguage":"en-US"},{"@type":"Person","@id":"https:\/\/www.protranslate.net\/blog\/#\/schema\/person\/bd918eb1d889ca9b9ef7b0c684e96991","name":"Okan Yavuz","image":{"@type":"ImageObject","inLanguage":"en-US","@id":"https:\/\/www.protranslate.net\/blog\/#\/schema\/person\/image\/","url":"https:\/\/secure.gravatar.com\/avatar\/eb97a762ed38c9119483979bc4d8a25bffad1584eafddf7bfd405920da4f85ec?s=96&d=mm&r=g","contentUrl":"https:\/\/secure.gravatar.com\/avatar\/eb97a762ed38c9119483979bc4d8a25bffad1584eafddf7bfd405920da4f85ec?s=96&d=mm&r=g","caption":"Okan Yavuz"},"url":"https:\/\/www.protranslate.net\/blog\/author\/okan-yavuz\/"}]}},"_links":{"self":[{"href":"https:\/\/www.protranslate.net\/blog\/wp-json\/wp\/v2\/posts\/8194","targetHints":{"allow":["GET"]}}],"collection":[{"href":"https:\/\/www.protranslate.net\/blog\/wp-json\/wp\/v2\/posts"}],"about":[{"href":"https:\/\/www.protranslate.net\/blog\/wp-json\/wp\/v2\/types\/post"}],"author":[{"embeddable":true,"href":"https:\/\/www.protranslate.net\/blog\/wp-json\/wp\/v2\/users\/8"}],"replies":[{"embeddable":true,"href":"https:\/\/www.protranslate.net\/blog\/wp-json\/wp\/v2\/comments?post=8194"}],"version-history":[{"count":1,"href":"https:\/\/www.protranslate.net\/blog\/wp-json\/wp\/v2\/posts\/8194\/revisions"}],"predecessor-version":[{"id":8196,"href":"https:\/\/www.protranslate.net\/blog\/wp-json\/wp\/v2\/posts\/8194\/revisions\/8196"}],"wp:featuredmedia":[{"embeddable":true,"href":"https:\/\/www.protranslate.net\/blog\/wp-json\/wp\/v2\/media\/8195"}],"wp:attachment":[{"href":"https:\/\/www.protranslate.net\/blog\/wp-json\/wp\/v2\/media?parent=8194"}],"wp:term":[{"taxonomy":"category","embeddable":true,"href":"https:\/\/www.protranslate.net\/blog\/wp-json\/wp\/v2\/categories?post=8194"},{"taxonomy":"post_tag","embeddable":true,"href":"https:\/\/www.protranslate.net\/blog\/wp-json\/wp\/v2\/tags?post=8194"}],"curies":[{"name":"wp","href":"https:\/\/api.w.org\/{rel}","templated":true}]}}