{"id":8188,"date":"2025-03-15T13:14:41","date_gmt":"2025-03-15T10:14:41","guid":{"rendered":"https:\/\/www.protranslate.net\/blog\/?p=8188"},"modified":"2025-03-15T13:15:03","modified_gmt":"2025-03-15T10:15:03","slug":"linguas-oficiais-da-ue-a-diversidade-linguistica-na-uniao-europeia","status":"publish","type":"post","link":"https:\/\/www.protranslate.net\/blog\/pt\/linguas-oficiais-da-ue-a-diversidade-linguistica-na-uniao-europeia\/","title":{"rendered":"L\u00ednguas Oficiais da UE: A Diversidade Lingu\u00edstica na Uni\u00e3o Europeia"},"content":{"rendered":"<p data-start=\"73\" data-end=\"482\">A Uni\u00e3o Europeia (UE) n\u00e3o \u00e9 apenas um bloco econ\u00f3mico e pol\u00edtico, mas tamb\u00e9m um mosaico cultural onde a diversidade lingu\u00edstica desempenha um papel central. Atualmente, a UE reconhece 24 l\u00ednguas oficiais, cada uma representando a identidade, a hist\u00f3ria e a cultura dos seus falantes. A preserva\u00e7\u00e3o destas l\u00ednguas \u00e9 fundamental para garantir a democracia, a inclus\u00e3o e o respeito pelos direitos dos cidad\u00e3os.<\/p>\n<p data-start=\"484\" data-end=\"814\">Al\u00e9m disso, a pol\u00edtica multilingue da UE assegura que cada cidad\u00e3o possa aceder a servi\u00e7os e documentos na sua pr\u00f3pria l\u00edngua. Para tal, os <a href=\"https:\/\/www.protranslate.net\/pt\/\">servi\u00e7os de tradu\u00e7\u00e3o<\/a> desempenham um papel crucial, permitindo que todas as l\u00ednguas oficiais sejam utilizadas na comunica\u00e7\u00e3o institucional e garantindo a igualdade entre os Estados-membros.<\/p>\n<div id=\"ez-toc-container\" class=\"ez-toc-v2_0_63 counter-hierarchy ez-toc-counter ez-toc-grey ez-toc-container-direction\">\n<div class=\"ez-toc-title-container\">\n<p class=\"ez-toc-title \" >Table of Contents<\/p>\n<span class=\"ez-toc-title-toggle\"><a href=\"#\" class=\"ez-toc-pull-right ez-toc-btn ez-toc-btn-xs ez-toc-btn-default ez-toc-toggle\" aria-label=\"Toggle Table of Content\"><span class=\"ez-toc-js-icon-con\"><span class=\"\"><span class=\"eztoc-hide\" style=\"display:none;\">Toggle<\/span><span class=\"ez-toc-icon-toggle-span\"><svg style=\"fill: #999;color:#999\" xmlns=\"http:\/\/www.w3.org\/2000\/svg\" class=\"list-377408\" width=\"20px\" height=\"20px\" viewBox=\"0 0 24 24\" fill=\"none\"><path d=\"M6 6H4v2h2V6zm14 0H8v2h12V6zM4 11h2v2H4v-2zm16 0H8v2h12v-2zM4 16h2v2H4v-2zm16 0H8v2h12v-2z\" fill=\"currentColor\"><\/path><\/svg><svg style=\"fill: #999;color:#999\" class=\"arrow-unsorted-368013\" xmlns=\"http:\/\/www.w3.org\/2000\/svg\" width=\"10px\" height=\"10px\" viewBox=\"0 0 24 24\" version=\"1.2\" baseProfile=\"tiny\"><path d=\"M18.2 9.3l-6.2-6.3-6.2 6.3c-.2.2-.3.4-.3.7s.1.5.3.7c.2.2.4.3.7.3h11c.3 0 .5-.1.7-.3.2-.2.3-.5.3-.7s-.1-.5-.3-.7zM5.8 14.7l6.2 6.3 6.2-6.3c.2-.2.3-.5.3-.7s-.1-.5-.3-.7c-.2-.2-.4-.3-.7-.3h-11c-.3 0-.5.1-.7.3-.2.2-.3.5-.3.7s.1.5.3.7z\"\/><\/svg><\/span><\/span><\/span><\/a><\/span><\/div>\n<nav><ul class='ez-toc-list ez-toc-list-level-1 ' ><li class='ez-toc-page-1 ez-toc-heading-level-2'><a class=\"ez-toc-link ez-toc-heading-1\" href=\"https:\/\/www.protranslate.net\/blog\/pt\/linguas-oficiais-da-ue-a-diversidade-linguistica-na-uniao-europeia\/#O_Papel_das_Linguas_Oficiais_na_UE\" title=\"O Papel das L\u00ednguas Oficiais na UE\">O Papel das L\u00ednguas Oficiais na UE<\/a><\/li><li class='ez-toc-page-1 ez-toc-heading-level-2'><a class=\"ez-toc-link ez-toc-heading-2\" href=\"https:\/\/www.protranslate.net\/blog\/pt\/linguas-oficiais-da-ue-a-diversidade-linguistica-na-uniao-europeia\/#Requisitos_Linguisticos_para_Estudar_ou_Viver_na_UE\" title=\"Requisitos Lingu\u00edsticos para Estudar ou Viver na UE\">Requisitos Lingu\u00edsticos para Estudar ou Viver na UE<\/a><\/li><li class='ez-toc-page-1 ez-toc-heading-level-2'><a class=\"ez-toc-link ez-toc-heading-3\" href=\"https:\/\/www.protranslate.net\/blog\/pt\/linguas-oficiais-da-ue-a-diversidade-linguistica-na-uniao-europeia\/#As_24_Linguas_Oficiais_e_os_Paises_onde_sao_Faladas\" title=\"As 24 L\u00ednguas Oficiais e os Pa\u00edses onde s\u00e3o Faladas\">As 24 L\u00ednguas Oficiais e os Pa\u00edses onde s\u00e3o Faladas<\/a><\/li><li class='ez-toc-page-1 ez-toc-heading-level-2'><a class=\"ez-toc-link ez-toc-heading-4\" href=\"https:\/\/www.protranslate.net\/blog\/pt\/linguas-oficiais-da-ue-a-diversidade-linguistica-na-uniao-europeia\/#O_Ingles_Depois_do_Brexit\" title=\"O Ingl\u00eas Depois do Brexit\">O Ingl\u00eas Depois do Brexit<\/a><\/li><li class='ez-toc-page-1 ez-toc-heading-level-2'><a class=\"ez-toc-link ez-toc-heading-5\" href=\"https:\/\/www.protranslate.net\/blog\/pt\/linguas-oficiais-da-ue-a-diversidade-linguistica-na-uniao-europeia\/#A_Diversidade_Linguistica_Um_Desafio_ou_Uma_Oportunidade\" title=\"A Diversidade Lingu\u00edstica: Um Desafio ou Uma Oportunidade?\">A Diversidade Lingu\u00edstica: Um Desafio ou Uma Oportunidade?<\/a><\/li><li class='ez-toc-page-1 ez-toc-heading-level-2'><a class=\"ez-toc-link ez-toc-heading-6\" href=\"https:\/\/www.protranslate.net\/blog\/pt\/linguas-oficiais-da-ue-a-diversidade-linguistica-na-uniao-europeia\/#Traducao_e_Interpretacao_Garantindo_a_Comunicacao_na_UE\" title=\"Tradu\u00e7\u00e3o e Interpreta\u00e7\u00e3o: Garantindo a Comunica\u00e7\u00e3o na UE\">Tradu\u00e7\u00e3o e Interpreta\u00e7\u00e3o: Garantindo a Comunica\u00e7\u00e3o na UE<\/a><\/li><li class='ez-toc-page-1 ez-toc-heading-level-2'><a class=\"ez-toc-link ez-toc-heading-7\" href=\"https:\/\/www.protranslate.net\/blog\/pt\/linguas-oficiais-da-ue-a-diversidade-linguistica-na-uniao-europeia\/#Educacao_e_Aprendizagem_de_Linguas_na_UE\" title=\"Educa\u00e7\u00e3o e Aprendizagem de L\u00ednguas na UE\">Educa\u00e7\u00e3o e Aprendizagem de L\u00ednguas na UE<\/a><\/li><li class='ez-toc-page-1 ez-toc-heading-level-2'><a class=\"ez-toc-link ez-toc-heading-8\" href=\"https:\/\/www.protranslate.net\/blog\/pt\/linguas-oficiais-da-ue-a-diversidade-linguistica-na-uniao-europeia\/#A_Importancia_das_Linguas_para_os_Cidadaos_Europeus\" title=\"A Import\u00e2ncia das L\u00ednguas para os Cidad\u00e3os Europeus\">A Import\u00e2ncia das L\u00ednguas para os Cidad\u00e3os Europeus<\/a><\/li><li class='ez-toc-page-1 ez-toc-heading-level-2'><a class=\"ez-toc-link ez-toc-heading-9\" href=\"https:\/\/www.protranslate.net\/blog\/pt\/linguas-oficiais-da-ue-a-diversidade-linguistica-na-uniao-europeia\/#O_Futuro_da_Politica_Linguistica_Europeia\" title=\"O Futuro da Pol\u00edtica Lingu\u00edstica Europeia\">O Futuro da Pol\u00edtica Lingu\u00edstica Europeia<\/a><\/li><li class='ez-toc-page-1 ez-toc-heading-level-2'><a class=\"ez-toc-link ez-toc-heading-10\" href=\"https:\/\/www.protranslate.net\/blog\/pt\/linguas-oficiais-da-ue-a-diversidade-linguistica-na-uniao-europeia\/#Linguas_Oficiais_Perguntas_Frequentes_FAQ\" title=\"L\u00ednguas Oficiais: Perguntas Frequentes (FAQ)\">L\u00ednguas Oficiais: Perguntas Frequentes (FAQ)<\/a><\/li><\/ul><\/nav><\/div>\n<h2 data-start=\"816\" data-end=\"859\"><span class=\"ez-toc-section\" id=\"O_Papel_das_Linguas_Oficiais_na_UE\"><\/span>O Papel das L\u00ednguas Oficiais na UE<span class=\"ez-toc-section-end\"><\/span><\/h2>\n<p data-start=\"861\" data-end=\"1148\">Para assegurar a igualdade lingu\u00edstica, todas as leis, regulamentos e documentos da UE s\u00e3o traduzidos para as 24 l\u00ednguas oficiais. No Parlamento Europeu, os deputados podem expressar-se na sua l\u00edngua materna, facilitando a comunica\u00e7\u00e3o e assegurando uma participa\u00e7\u00e3o democr\u00e1tica eficaz.<\/p>\n<p data-start=\"1150\" data-end=\"1533\">A pol\u00edtica lingu\u00edstica da UE n\u00e3o \u00e9 apenas uma formalidade, mas um meio de evitar desigualdades. Caso apenas algumas l\u00ednguas dominassem, certos pa\u00edses e os seus cidad\u00e3os poderiam estar em desvantagem no processo de tomada de decis\u00f5es. Assim, a UE continua a investir em servi\u00e7os de tradu\u00e7\u00e3o e interpreta\u00e7\u00e3o, incluindo tradu\u00e7\u00f5es certificadas para documentos legais e administrativos.<\/p>\n<p data-start=\"1150\" data-end=\"1533\">\n<p data-start=\"1150\" data-end=\"1533\">\n            <style>\n                #mica_ecta_97.mica_ecta_layout{\n                    padding-top: 20px !important;\n                    padding-bottom: 20px !important;\n                    padding-left: 30px !important;\n                    padding-right: 30px !important;\n                    border-radius: 10px !important;\n                    background-color: #05c1ff !important;\n                    text-align: left !important;\n                }\n\n                #mica_ecta_97 .mica_ecta_title{\n                    font-size: 28px !important;\n                    font-weight: 700 !important;\n                    color: #ffffff !important;\n                    line-height: 1.3 !important;\n                    margin-top: 0 !important;\n                    margin-bottom: 0.5rem !important;\n                }\n\n                #mica_ecta_97 .mica_ecta_text{\n                    font-size: 16px !important;\n                    font-weight: 400 !important;\n                    color: #ffffff !important;\n                    line-height: 1.5 !important;\n                    margin-top: 0 !important;\n                    margin-bottom: 1rem !important;\n                }\n                \n                #mica_ecta_97 .mica_ecta_btn{\n                    font-size: 16px !important;\n                    font-weight: 700 !important;\n                    color: #1b1b1b !important;\n                    background-color: #f1f51b !important;\n                    padding-top: 8px !important;\n                    padding-bottom: 8px !important;\n                    padding-left: 16px !important;\n                    padding-right: 16px !important;\n                    border-radius: 6px !important;\n                    text-decoration: none !important;\n                    outline: none !important;\n                    transition: all 0.3s ease !important;\n                    margin-top: 5px !important;\n                    display: inline-block !important;\n                }\n                \n                #mica_ecta_97 .mica_ecta_btn:hover{\n                    color: #ffffff !important;\n                    background-color: #f45b69 !important;\n                }\n            <\/style>\n            <div id='mica_ecta_97' class='mica_ecta_layout'><h3 class='mica_ecta_title'>Escrit\u00f3rio de Tradu\u00e7\u00e3o<\/h3><p class='mica_ecta_text'>Procura um escrit\u00f3rio de tradu\u00e7\u00e3o online? O escrit\u00f3rio de tradu\u00e7\u00e3o da Protranslate fornece servi\u00e7os de tradu\u00e7\u00e3o online. Obtenha o seu or\u00e7amento hoje!<\/p><a href='https:\/\/www.protranslate.net\/pt\/order\/?certified=1' class='mica_ecta_btn' >Fazer um Or\u00e7amento<\/a><\/div><\/p>\n<p data-start=\"1150\" data-end=\"1533\">\n<h2 data-start=\"1535\" data-end=\"1595\"><span class=\"ez-toc-section\" id=\"Requisitos_Linguisticos_para_Estudar_ou_Viver_na_UE\"><\/span>Requisitos Lingu\u00edsticos para Estudar ou Viver na UE<span class=\"ez-toc-section-end\"><\/span><\/h2>\n<p data-start=\"1597\" data-end=\"1739\">Quem deseja estudar ou residir num pa\u00eds da UE precisa de apresentar documentos oficiais traduzidos corretamente. Entre os mais comuns est\u00e3o:<\/p>\n<ul data-start=\"1741\" data-end=\"1860\">\n<li data-start=\"1741\" data-end=\"1779\">Certificados acad\u00e9micos e diplomas<\/li>\n<li data-start=\"1780\" data-end=\"1802\">Registos criminais<\/li>\n<li data-start=\"1803\" data-end=\"1834\">Comprovativos de resid\u00eancia<\/li>\n<li data-start=\"1835\" data-end=\"1860\">Declara\u00e7\u00f5es banc\u00e1rias<\/li>\n<\/ul>\n<p data-start=\"1862\" data-end=\"1990\">A tradu\u00e7\u00e3o certificada destes documentos \u00e9 essencial para garantir que os processos administrativos decorrem sem complica\u00e7\u00f5es.<\/p>\n<h2 data-start=\"1992\" data-end=\"2052\"><span class=\"ez-toc-section\" id=\"As_24_Linguas_Oficiais_e_os_Paises_onde_sao_Faladas\"><\/span>As 24 L\u00ednguas Oficiais e os Pa\u00edses onde s\u00e3o Faladas<span class=\"ez-toc-section-end\"><\/span><\/h2>\n<p data-start=\"2054\" data-end=\"2144\">A Uni\u00e3o Europeia reconhece as seguintes l\u00ednguas oficiais, faladas nos respetivos pa\u00edses:<\/p>\n<ul data-start=\"2146\" data-end=\"2828\">\n<li data-start=\"2146\" data-end=\"2174\"><strong data-start=\"2148\" data-end=\"2161\">Portugu\u00eas<\/strong> \u2013 Portugal<\/li>\n<li data-start=\"2175\" data-end=\"2201\"><strong data-start=\"2177\" data-end=\"2189\">Espanhol<\/strong> \u2013 Espanha<\/li>\n<li data-start=\"2202\" data-end=\"2247\"><a href=\"https:\/\/www.protranslate.net\/blog\/pt\/quais-paises-falam-frances\/\"><strong data-start=\"2204\" data-end=\"2215\">Franc\u00eas<\/strong> <\/a>\u2013 Fran\u00e7a, B\u00e9lgica, Luxemburgo<\/li>\n<li data-start=\"2248\" data-end=\"2279\"><strong data-start=\"2250\" data-end=\"2260\">Ingl\u00eas<\/strong> \u2013 Irlanda, Malta<\/li>\n<li data-start=\"2280\" data-end=\"2335\"><a href=\"https:\/\/www.protranslate.net\/blog\/pt\/onde-e-falado-o-alemao-e-por-que-aprender-pode-ser-um-diferencial-para-sua-carreira\/\"><strong data-start=\"2282\" data-end=\"2292\">Alem\u00e3o<\/strong> <\/a>\u2013 Alemanha, \u00c1ustria, B\u00e9lgica, Luxemburgo<\/li>\n<li data-start=\"2336\" data-end=\"2361\"><a href=\"https:\/\/www.protranslate.net\/blog\/pt\/como-aprender-italiano-e-quais-paises-falam-a-lingua\/\"><strong data-start=\"2338\" data-end=\"2350\">Italiano<\/strong> <\/a>\u2013 It\u00e1lia<\/li>\n<li data-start=\"2362\" data-end=\"2403\"><strong data-start=\"2364\" data-end=\"2376\">Holand\u00eas<\/strong> \u2013 Pa\u00edses Baixos, B\u00e9lgica<\/li>\n<li data-start=\"2404\" data-end=\"2428\"><strong data-start=\"2406\" data-end=\"2416\">Polaco<\/strong> \u2013 Pol\u00f3nia<\/li>\n<li data-start=\"2429\" data-end=\"2452\"><strong data-start=\"2431\" data-end=\"2440\">Checo<\/strong> \u2013 Ch\u00e9quia<\/li>\n<li data-start=\"2453\" data-end=\"2482\"><strong data-start=\"2455\" data-end=\"2467\">Eslovaco<\/strong> \u2013 Eslov\u00e1quia<\/li>\n<li data-start=\"2483\" data-end=\"2508\"><strong data-start=\"2485\" data-end=\"2496\">H\u00fangaro<\/strong> \u2013 Hungria<\/li>\n<li data-start=\"2509\" data-end=\"2533\"><strong data-start=\"2511\" data-end=\"2521\">Romeno<\/strong> \u2013 Rom\u00e9nia<\/li>\n<li data-start=\"2534\" data-end=\"2560\"><strong data-start=\"2536\" data-end=\"2547\">B\u00falgaro<\/strong> \u2013 Bulg\u00e1ria<\/li>\n<li data-start=\"2561\" data-end=\"2585\"><strong data-start=\"2563\" data-end=\"2573\">Croata<\/strong> \u2013 Cro\u00e1cia<\/li>\n<li data-start=\"2586\" data-end=\"2616\"><a href=\"https:\/\/www.protranslate.net\/blog\/pt\/descubra-o-fascinio-de-aprender-grego-uma-lingua-que-une-historia-e-cultura\/\"><strong data-start=\"2588\" data-end=\"2597\">Grego<\/strong> <\/a>\u2013 Gr\u00e9cia, Chipre<\/li>\n<li data-start=\"2617\" data-end=\"2648\"><strong data-start=\"2619\" data-end=\"2634\">Dinamarqu\u00eas<\/strong> \u2013 Dinamarca<\/li>\n<li data-start=\"2649\" data-end=\"2671\"><strong data-start=\"2651\" data-end=\"2660\">Sueco<\/strong> \u2013 Su\u00e9cia<\/li>\n<li data-start=\"2672\" data-end=\"2701\"><strong data-start=\"2674\" data-end=\"2687\">Finland\u00eas<\/strong> \u2013 Finl\u00e2ndia<\/li>\n<li data-start=\"2702\" data-end=\"2724\"><strong data-start=\"2704\" data-end=\"2714\">Malt\u00eas<\/strong> \u2013 Malta<\/li>\n<li data-start=\"2725\" data-end=\"2751\"><strong data-start=\"2727\" data-end=\"2738\">Lituano<\/strong> \u2013 Litu\u00e2nia<\/li>\n<li data-start=\"2752\" data-end=\"2775\"><strong data-start=\"2754\" data-end=\"2763\">Let\u00e3o<\/strong> \u2013 Let\u00f3nia<\/li>\n<li data-start=\"2776\" data-end=\"2801\"><strong data-start=\"2778\" data-end=\"2789\">Est\u00f3nio<\/strong> \u2013 Est\u00f3nia<\/li>\n<li data-start=\"2802\" data-end=\"2828\"><strong data-start=\"2804\" data-end=\"2816\">Irland\u00eas<\/strong> \u2013 Irlanda<\/li>\n<\/ul>\n<h2 data-start=\"2830\" data-end=\"2864\"><span class=\"ez-toc-section\" id=\"O_Ingles_Depois_do_Brexit\"><\/span>O Ingl\u00eas Depois do Brexit<span class=\"ez-toc-section-end\"><\/span><\/h2>\n<p data-start=\"2866\" data-end=\"3188\">Ap\u00f3s a <a href=\"https:\/\/pt.wikipedia.org\/wiki\/Sa%C3%ADda_do_Reino_Unido_da_Uni%C3%A3o_Europeia\">sa\u00edda do Reino Unido da UE<\/a>, surgiu a d\u00favida sobre o estatuto do ingl\u00eas como l\u00edngua oficial. No entanto, como Irlanda e Malta continuam a utiliz\u00e1-lo oficialmente, o ingl\u00eas mant\u00e9m-se uma das l\u00ednguas da UE. Al\u00e9m disso, \u00e9 amplamente falado como segunda l\u00edngua e continua a ser usado em reuni\u00f5es e documentos oficiais.<\/p>\n<h2 data-start=\"3190\" data-end=\"3257\"><span class=\"ez-toc-section\" id=\"A_Diversidade_Linguistica_Um_Desafio_ou_Uma_Oportunidade\"><\/span>A Diversidade Lingu\u00edstica: Um Desafio ou Uma Oportunidade?<span class=\"ez-toc-section-end\"><\/span><\/h2>\n<p data-start=\"3259\" data-end=\"3671\">A coexist\u00eancia de 24 l\u00ednguas pode parecer um desafio burocr\u00e1tico e log\u00edstico, mas na realidade representa uma enorme vantagem para a UE. A diversidade lingu\u00edstica fortalece a identidade cultural europeia e promove uma maior inclus\u00e3o. Al\u00e9m disso, o incentivo \u00e0 aprendizagem de l\u00ednguas contribui para uma melhor comunica\u00e7\u00e3o entre cidad\u00e3os de diferentes pa\u00edses e fomenta a mobilidade profissional dentro do bloco.<\/p>\n<h2 data-start=\"3673\" data-end=\"3738\"><span class=\"ez-toc-section\" id=\"Traducao_e_Interpretacao_Garantindo_a_Comunicacao_na_UE\"><\/span>Tradu\u00e7\u00e3o e Interpreta\u00e7\u00e3o: Garantindo a Comunica\u00e7\u00e3o na UE<span class=\"ez-toc-section-end\"><\/span><\/h2>\n<p data-start=\"3740\" data-end=\"4020\">A Uni\u00e3o Europeia emprega milhares de tradutores e int\u00e9rpretes para garantir que todos os documentos e comunica\u00e7\u00f5es sejam acess\u00edveis a todos os cidad\u00e3os. A Comiss\u00e3o Europeia e o Parlamento Europeu disp\u00f5em de equipas especializadas para assegurar que nenhuma l\u00edngua fique de fora.<\/p>\n<p data-start=\"4022\" data-end=\"4263\">Al\u00e9m disso, a crescente utiliza\u00e7\u00e3o de ferramentas de tradu\u00e7\u00e3o autom\u00e1tica e intelig\u00eancia artificial tem facilitado o acesso \u00e0 informa\u00e7\u00e3o em v\u00e1rias l\u00ednguas, embora a tradu\u00e7\u00e3o humana continue a ser essencial para garantir precis\u00e3o e contexto.<\/p>\n<p data-start=\"4022\" data-end=\"4263\">\n<p data-start=\"4022\" data-end=\"4263\">\n            <style>\n                #mica_ecta_114.mica_ecta_layout{\n                    padding-top: 20px !important;\n                    padding-bottom: 20px !important;\n                    padding-left: 30px !important;\n                    padding-right: 30px !important;\n                    border-radius: 10px !important;\n                    background-color: #05c1ff !important;\n                    text-align: left !important;\n                }\n\n                #mica_ecta_114 .mica_ecta_title{\n                    font-size: 28px !important;\n                    font-weight: 700 !important;\n                    color: #ffffff !important;\n                    line-height: 1.3 !important;\n                    margin-top: 0 !important;\n                    margin-bottom: 0.5rem !important;\n                }\n\n                #mica_ecta_114 .mica_ecta_text{\n                    font-size: 16px !important;\n                    font-weight: 400 !important;\n                    color: #ffffff !important;\n                    line-height: 1.5 !important;\n                    margin-top: 0 !important;\n                    margin-bottom: 1rem !important;\n                }\n                \n                #mica_ecta_114 .mica_ecta_btn{\n                    font-size: 16px !important;\n                    font-weight: 700 !important;\n                    color: #1b1b1b !important;\n                    background-color: #f1f51b !important;\n                    padding-top: 8px !important;\n                    padding-bottom: 8px !important;\n                    padding-left: 16px !important;\n                    padding-right: 16px !important;\n                    border-radius: 6px !important;\n                    text-decoration: none !important;\n                    outline: none !important;\n                    transition: all 0.3s ease !important;\n                    margin-top: 5px !important;\n                    display: inline-block !important;\n                }\n                \n                #mica_ecta_114 .mica_ecta_btn:hover{\n                    color: #ffffff !important;\n                    background-color: #f45b69 !important;\n                }\n            <\/style>\n            <div id='mica_ecta_114' class='mica_ecta_layout'><h3 class='mica_ecta_title'>Tradu\u00e7\u00e3o Juramentada Online<\/h3><p class='mica_ecta_text'>Hoje muitas empresas e mesmo clientes individuais exigem o servi\u00e7o de tradutor juramentado. A Protranslate est\u00e1 aqui para lhe fornecer a especialidade necess\u00e1ria. Obtenha agora uma cota\u00e7\u00e3o instant\u00e2nea de tradu\u00e7\u00e3o juramentada!<\/p><a href='https:\/\/www.protranslate.net\/pt\/order\/?certified=1' class='mica_ecta_btn' >Fazer um Or\u00e7amento<\/a><\/div><\/p>\n<p data-start=\"4022\" data-end=\"4263\">\n<h2 data-start=\"4265\" data-end=\"4314\"><span class=\"ez-toc-section\" id=\"Educacao_e_Aprendizagem_de_Linguas_na_UE\"><\/span>Educa\u00e7\u00e3o e Aprendizagem de L\u00ednguas na UE<span class=\"ez-toc-section-end\"><\/span><\/h2>\n<p data-start=\"4316\" data-end=\"4632\">A UE incentiva os seus cidad\u00e3os a aprenderem mais do que uma l\u00edngua estrangeira. A pol\u00edtica &#8220;L\u00edngua Materna + 2&#8221; tem como objetivo que todas as crian\u00e7as aprendam, pelo menos, duas l\u00ednguas al\u00e9m da sua l\u00edngua nativa. Este esfor\u00e7o visa melhorar a comunica\u00e7\u00e3o entre os pa\u00edses e aumentar a empregabilidade dos cidad\u00e3os.<\/p>\n<h2 data-start=\"4634\" data-end=\"4694\"><span class=\"ez-toc-section\" id=\"A_Importancia_das_Linguas_para_os_Cidadaos_Europeus\"><\/span>A Import\u00e2ncia das L\u00ednguas para os Cidad\u00e3os Europeus<span class=\"ez-toc-section-end\"><\/span><\/h2>\n<p data-start=\"4696\" data-end=\"4952\">Dominar v\u00e1rias l\u00ednguas na UE \u00e9 uma enorme vantagem, tanto a n\u00edvel profissional como social. Quem deseja viver ou trabalhar noutro pa\u00eds europeu beneficia ao falar a l\u00edngua local, facilitando a integra\u00e7\u00e3o, a busca de emprego e o acesso a servi\u00e7os p\u00fablicos.<\/p>\n<p data-start=\"4954\" data-end=\"5068\">Al\u00e9m disso, o multilinguismo melhora a capacidade cognitiva e fomenta a empatia e o entendimento entre culturas.<\/p>\n<h2><span class=\"ez-toc-section\" id=\"O_Futuro_da_Politica_Linguistica_Europeia\"><\/span>O Futuro da Pol\u00edtica Lingu\u00edstica Europeia<span class=\"ez-toc-section-end\"><\/span><\/h2>\n<p data-start=\"5122\" data-end=\"5530\">Com a evolu\u00e7\u00e3o das tecnologias de tradu\u00e7\u00e3o autom\u00e1tica, muitos acreditam que as barreiras lingu\u00edsticas desaparecer\u00e3o. No entanto, a necessidade de comunica\u00e7\u00e3o aut\u00eantica e humanizada mant\u00e9m a import\u00e2ncia das l\u00ednguas vivas. A UE continuar\u00e1 a investir na preserva\u00e7\u00e3o e promo\u00e7\u00e3o da sua diversidade lingu\u00edstica, garantindo que todos os cidad\u00e3os tenham os mesmos direitos, independentemente da sua l\u00edngua materna.<\/p>\n<h2 data-start=\"5532\" data-end=\"5568\"><span class=\"ez-toc-section\" id=\"Linguas_Oficiais_Perguntas_Frequentes_FAQ\"><\/span>L\u00ednguas Oficiais: Perguntas Frequentes (FAQ)<span class=\"ez-toc-section-end\"><\/span><\/h2>\n<p data-start=\"5570\" data-end=\"5670\"><strong data-start=\"5570\" data-end=\"5625\">Quantas l\u00ednguas oficiais existem na Uni\u00e3o Europeia?<\/strong><br data-start=\"5625\" data-end=\"5628\" \/>A UE tem atualmente 24 l\u00ednguas oficiais.<\/p>\n<p data-start=\"5672\" data-end=\"5795\"><strong data-start=\"5672\" data-end=\"5725\">O ingl\u00eas continua a ser uma l\u00edngua oficial na UE?<\/strong><br data-start=\"5725\" data-end=\"5728\" \/>Sim, porque Irlanda e Malta ainda o utilizam como l\u00edngua oficial.<\/p>\n<p data-start=\"5797\" data-end=\"5950\"><strong data-start=\"5797\" data-end=\"5835\">Qual \u00e9 a l\u00edngua mais falada na UE?<\/strong><br data-start=\"5835\" data-end=\"5838\" \/>O alem\u00e3o tem o maior n\u00famero de falantes nativos, enquanto o ingl\u00eas \u00e9 a l\u00edngua mais falada como segunda l\u00edngua.<\/p>\n<p data-start=\"5952\" data-end=\"6135\"><strong data-start=\"5952\" data-end=\"6017\">Porque \u00e9 que a UE incentiva a aprendizagem de v\u00e1rias l\u00ednguas?<\/strong><br data-start=\"6017\" data-end=\"6020\" \/>Para aumentar as oportunidades de emprego, fortalecer as rela\u00e7\u00f5es culturais e melhorar a mobilidade dentro da UE.<\/p>\n<p data-start=\"6137\" data-end=\"6349\"><strong data-start=\"6137\" data-end=\"6191\">A pol\u00edtica lingu\u00edstica da UE pode mudar no futuro?<\/strong><br data-start=\"6191\" data-end=\"6194\" \/>Embora as tecnologias de tradu\u00e7\u00e3o avancem, a UE continuar\u00e1 a proteger e promover a diversidade lingu\u00edstica para garantir a inclus\u00e3o de todos os cidad\u00e3os.<\/p>\n","protected":false},"excerpt":{"rendered":"<p>A Uni\u00e3o Europeia (UE) n\u00e3o \u00e9 apenas um bloco econ\u00f3mico e pol\u00edtico, mas tamb\u00e9m um mosaico cultural onde a diversidade lingu\u00edstica desempenha um papel central. Atualmente, a UE reconhece 24 l\u00ednguas oficiais, cada uma representando a identidade, a hist\u00f3ria e a cultura dos seus falantes. A preserva\u00e7\u00e3o destas l\u00ednguas \u00e9 fundamental para garantir a democracia, [&hellip;]<\/p>\n","protected":false},"author":8,"featured_media":8192,"comment_status":"open","ping_status":"open","sticky":false,"template":"","format":"standard","meta":{"_et_pb_use_builder":"","_et_pb_old_content":"","_et_gb_content_width":"","footnotes":""},"categories":[174],"tags":[],"class_list":["post-8188","post","type-post","status-publish","format-standard","has-post-thumbnail","hentry","category-traducao-pt"],"yoast_head":"<!-- This site is optimized with the Yoast SEO plugin v22.3 - https:\/\/yoast.com\/wordpress\/plugins\/seo\/ -->\n<title>L\u00ednguas Oficiais da UE- Protranslate Blog<\/title>\n<meta name=\"description\" content=\"Descubra as 24 l\u00ednguas oficiais da UE, sua import\u00e2ncia, o papel da tradu\u00e7\u00e3o e o futuro das pol\u00edticas lingu\u00edsticas na Europa.\" \/>\n<meta name=\"robots\" content=\"index, follow, max-snippet:-1, max-image-preview:large, max-video-preview:-1\" \/>\n<link rel=\"canonical\" href=\"https:\/\/www.protranslate.net\/blog\/pt\/linguas-oficiais-da-ue-a-diversidade-linguistica-na-uniao-europeia\/\" \/>\n<meta property=\"og:locale\" content=\"en_US\" \/>\n<meta property=\"og:type\" content=\"article\" \/>\n<meta property=\"og:title\" content=\"L\u00ednguas Oficiais da UE- Protranslate Blog\" \/>\n<meta property=\"og:description\" content=\"Descubra as 24 l\u00ednguas oficiais da UE, sua import\u00e2ncia, o papel da tradu\u00e7\u00e3o e o futuro das pol\u00edticas lingu\u00edsticas na Europa.\" \/>\n<meta property=\"og:url\" content=\"https:\/\/www.protranslate.net\/blog\/pt\/linguas-oficiais-da-ue-a-diversidade-linguistica-na-uniao-europeia\/\" \/>\n<meta property=\"og:site_name\" content=\"Protranslate Blog\" \/>\n<meta property=\"article:published_time\" content=\"2025-03-15T10:14:41+00:00\" \/>\n<meta property=\"article:modified_time\" content=\"2025-03-15T10:15:03+00:00\" \/>\n<meta property=\"og:image\" content=\"https:\/\/www.protranslate.net\/blog\/wp-content\/uploads\/Linguas-Oficiais.webp\" \/>\n\t<meta property=\"og:image:width\" content=\"800\" \/>\n\t<meta property=\"og:image:height\" content=\"500\" \/>\n\t<meta property=\"og:image:type\" content=\"image\/webp\" \/>\n<meta name=\"author\" content=\"Okan Yavuz\" \/>\n<meta name=\"twitter:card\" content=\"summary_large_image\" \/>\n<meta name=\"twitter:label1\" content=\"Written by\" \/>\n\t<meta name=\"twitter:data1\" content=\"Okan Yavuz\" \/>\n\t<meta name=\"twitter:label2\" content=\"Est. reading time\" \/>\n\t<meta name=\"twitter:data2\" content=\"5 minutes\" \/>\n<script type=\"application\/ld+json\" class=\"yoast-schema-graph\">{\"@context\":\"https:\/\/schema.org\",\"@graph\":[{\"@type\":\"WebPage\",\"@id\":\"https:\/\/www.protranslate.net\/blog\/pt\/linguas-oficiais-da-ue-a-diversidade-linguistica-na-uniao-europeia\/\",\"url\":\"https:\/\/www.protranslate.net\/blog\/pt\/linguas-oficiais-da-ue-a-diversidade-linguistica-na-uniao-europeia\/\",\"name\":\"L\u00ednguas Oficiais da UE- Protranslate Blog\",\"isPartOf\":{\"@id\":\"https:\/\/www.protranslate.net\/blog\/#website\"},\"primaryImageOfPage\":{\"@id\":\"https:\/\/www.protranslate.net\/blog\/pt\/linguas-oficiais-da-ue-a-diversidade-linguistica-na-uniao-europeia\/#primaryimage\"},\"image\":{\"@id\":\"https:\/\/www.protranslate.net\/blog\/pt\/linguas-oficiais-da-ue-a-diversidade-linguistica-na-uniao-europeia\/#primaryimage\"},\"thumbnailUrl\":\"https:\/\/www.protranslate.net\/blog\/wp-content\/uploads\/Linguas-Oficiais.webp\",\"datePublished\":\"2025-03-15T10:14:41+00:00\",\"dateModified\":\"2025-03-15T10:15:03+00:00\",\"author\":{\"@id\":\"https:\/\/www.protranslate.net\/blog\/#\/schema\/person\/bd918eb1d889ca9b9ef7b0c684e96991\"},\"description\":\"Descubra as 24 l\u00ednguas oficiais da UE, sua import\u00e2ncia, o papel da tradu\u00e7\u00e3o e o futuro das pol\u00edticas lingu\u00edsticas na Europa.\",\"breadcrumb\":{\"@id\":\"https:\/\/www.protranslate.net\/blog\/pt\/linguas-oficiais-da-ue-a-diversidade-linguistica-na-uniao-europeia\/#breadcrumb\"},\"inLanguage\":\"en-US\",\"potentialAction\":[{\"@type\":\"ReadAction\",\"target\":[\"https:\/\/www.protranslate.net\/blog\/pt\/linguas-oficiais-da-ue-a-diversidade-linguistica-na-uniao-europeia\/\"]}]},{\"@type\":\"ImageObject\",\"inLanguage\":\"en-US\",\"@id\":\"https:\/\/www.protranslate.net\/blog\/pt\/linguas-oficiais-da-ue-a-diversidade-linguistica-na-uniao-europeia\/#primaryimage\",\"url\":\"https:\/\/www.protranslate.net\/blog\/wp-content\/uploads\/Linguas-Oficiais.webp\",\"contentUrl\":\"https:\/\/www.protranslate.net\/blog\/wp-content\/uploads\/Linguas-Oficiais.webp\",\"width\":800,\"height\":500,\"caption\":\"L\u00ednguas Oficiais\"},{\"@type\":\"BreadcrumbList\",\"@id\":\"https:\/\/www.protranslate.net\/blog\/pt\/linguas-oficiais-da-ue-a-diversidade-linguistica-na-uniao-europeia\/#breadcrumb\",\"itemListElement\":[{\"@type\":\"ListItem\",\"position\":1,\"name\":\"Home\",\"item\":\"https:\/\/www.protranslate.net\/blog\/tr\/\"},{\"@type\":\"ListItem\",\"position\":2,\"name\":\"L\u00ednguas Oficiais da UE: A Diversidade Lingu\u00edstica na Uni\u00e3o Europeia\"}]},{\"@type\":\"WebSite\",\"@id\":\"https:\/\/www.protranslate.net\/blog\/#website\",\"url\":\"https:\/\/www.protranslate.net\/blog\/\",\"name\":\"Protranslate Blog\",\"description\":\"\",\"potentialAction\":[{\"@type\":\"SearchAction\",\"target\":{\"@type\":\"EntryPoint\",\"urlTemplate\":\"https:\/\/www.protranslate.net\/blog\/?s={search_term_string}\"},\"query-input\":\"required name=search_term_string\"}],\"inLanguage\":\"en-US\"},{\"@type\":\"Person\",\"@id\":\"https:\/\/www.protranslate.net\/blog\/#\/schema\/person\/bd918eb1d889ca9b9ef7b0c684e96991\",\"name\":\"Okan Yavuz\",\"image\":{\"@type\":\"ImageObject\",\"inLanguage\":\"en-US\",\"@id\":\"https:\/\/www.protranslate.net\/blog\/#\/schema\/person\/image\/\",\"url\":\"https:\/\/secure.gravatar.com\/avatar\/eb97a762ed38c9119483979bc4d8a25bffad1584eafddf7bfd405920da4f85ec?s=96&d=mm&r=g\",\"contentUrl\":\"https:\/\/secure.gravatar.com\/avatar\/eb97a762ed38c9119483979bc4d8a25bffad1584eafddf7bfd405920da4f85ec?s=96&d=mm&r=g\",\"caption\":\"Okan Yavuz\"},\"url\":\"https:\/\/www.protranslate.net\/blog\/author\/okan-yavuz\/\"}]}<\/script>\n<!-- \/ Yoast SEO plugin. -->","yoast_head_json":{"title":"L\u00ednguas Oficiais da UE- Protranslate Blog","description":"Descubra as 24 l\u00ednguas oficiais da UE, sua import\u00e2ncia, o papel da tradu\u00e7\u00e3o e o futuro das pol\u00edticas lingu\u00edsticas na Europa.","robots":{"index":"index","follow":"follow","max-snippet":"max-snippet:-1","max-image-preview":"max-image-preview:large","max-video-preview":"max-video-preview:-1"},"canonical":"https:\/\/www.protranslate.net\/blog\/pt\/linguas-oficiais-da-ue-a-diversidade-linguistica-na-uniao-europeia\/","og_locale":"en_US","og_type":"article","og_title":"L\u00ednguas Oficiais da UE- Protranslate Blog","og_description":"Descubra as 24 l\u00ednguas oficiais da UE, sua import\u00e2ncia, o papel da tradu\u00e7\u00e3o e o futuro das pol\u00edticas lingu\u00edsticas na Europa.","og_url":"https:\/\/www.protranslate.net\/blog\/pt\/linguas-oficiais-da-ue-a-diversidade-linguistica-na-uniao-europeia\/","og_site_name":"Protranslate Blog","article_published_time":"2025-03-15T10:14:41+00:00","article_modified_time":"2025-03-15T10:15:03+00:00","og_image":[{"width":800,"height":500,"url":"https:\/\/www.protranslate.net\/blog\/wp-content\/uploads\/Linguas-Oficiais.webp","type":"image\/webp"}],"author":"Okan Yavuz","twitter_card":"summary_large_image","twitter_misc":{"Written by":"Okan Yavuz","Est. reading time":"5 minutes"},"schema":{"@context":"https:\/\/schema.org","@graph":[{"@type":"WebPage","@id":"https:\/\/www.protranslate.net\/blog\/pt\/linguas-oficiais-da-ue-a-diversidade-linguistica-na-uniao-europeia\/","url":"https:\/\/www.protranslate.net\/blog\/pt\/linguas-oficiais-da-ue-a-diversidade-linguistica-na-uniao-europeia\/","name":"L\u00ednguas Oficiais da UE- Protranslate Blog","isPartOf":{"@id":"https:\/\/www.protranslate.net\/blog\/#website"},"primaryImageOfPage":{"@id":"https:\/\/www.protranslate.net\/blog\/pt\/linguas-oficiais-da-ue-a-diversidade-linguistica-na-uniao-europeia\/#primaryimage"},"image":{"@id":"https:\/\/www.protranslate.net\/blog\/pt\/linguas-oficiais-da-ue-a-diversidade-linguistica-na-uniao-europeia\/#primaryimage"},"thumbnailUrl":"https:\/\/www.protranslate.net\/blog\/wp-content\/uploads\/Linguas-Oficiais.webp","datePublished":"2025-03-15T10:14:41+00:00","dateModified":"2025-03-15T10:15:03+00:00","author":{"@id":"https:\/\/www.protranslate.net\/blog\/#\/schema\/person\/bd918eb1d889ca9b9ef7b0c684e96991"},"description":"Descubra as 24 l\u00ednguas oficiais da UE, sua import\u00e2ncia, o papel da tradu\u00e7\u00e3o e o futuro das pol\u00edticas lingu\u00edsticas na Europa.","breadcrumb":{"@id":"https:\/\/www.protranslate.net\/blog\/pt\/linguas-oficiais-da-ue-a-diversidade-linguistica-na-uniao-europeia\/#breadcrumb"},"inLanguage":"en-US","potentialAction":[{"@type":"ReadAction","target":["https:\/\/www.protranslate.net\/blog\/pt\/linguas-oficiais-da-ue-a-diversidade-linguistica-na-uniao-europeia\/"]}]},{"@type":"ImageObject","inLanguage":"en-US","@id":"https:\/\/www.protranslate.net\/blog\/pt\/linguas-oficiais-da-ue-a-diversidade-linguistica-na-uniao-europeia\/#primaryimage","url":"https:\/\/www.protranslate.net\/blog\/wp-content\/uploads\/Linguas-Oficiais.webp","contentUrl":"https:\/\/www.protranslate.net\/blog\/wp-content\/uploads\/Linguas-Oficiais.webp","width":800,"height":500,"caption":"L\u00ednguas Oficiais"},{"@type":"BreadcrumbList","@id":"https:\/\/www.protranslate.net\/blog\/pt\/linguas-oficiais-da-ue-a-diversidade-linguistica-na-uniao-europeia\/#breadcrumb","itemListElement":[{"@type":"ListItem","position":1,"name":"Home","item":"https:\/\/www.protranslate.net\/blog\/tr\/"},{"@type":"ListItem","position":2,"name":"L\u00ednguas Oficiais da UE: A Diversidade Lingu\u00edstica na Uni\u00e3o Europeia"}]},{"@type":"WebSite","@id":"https:\/\/www.protranslate.net\/blog\/#website","url":"https:\/\/www.protranslate.net\/blog\/","name":"Protranslate Blog","description":"","potentialAction":[{"@type":"SearchAction","target":{"@type":"EntryPoint","urlTemplate":"https:\/\/www.protranslate.net\/blog\/?s={search_term_string}"},"query-input":"required name=search_term_string"}],"inLanguage":"en-US"},{"@type":"Person","@id":"https:\/\/www.protranslate.net\/blog\/#\/schema\/person\/bd918eb1d889ca9b9ef7b0c684e96991","name":"Okan Yavuz","image":{"@type":"ImageObject","inLanguage":"en-US","@id":"https:\/\/www.protranslate.net\/blog\/#\/schema\/person\/image\/","url":"https:\/\/secure.gravatar.com\/avatar\/eb97a762ed38c9119483979bc4d8a25bffad1584eafddf7bfd405920da4f85ec?s=96&d=mm&r=g","contentUrl":"https:\/\/secure.gravatar.com\/avatar\/eb97a762ed38c9119483979bc4d8a25bffad1584eafddf7bfd405920da4f85ec?s=96&d=mm&r=g","caption":"Okan Yavuz"},"url":"https:\/\/www.protranslate.net\/blog\/author\/okan-yavuz\/"}]}},"_links":{"self":[{"href":"https:\/\/www.protranslate.net\/blog\/wp-json\/wp\/v2\/posts\/8188","targetHints":{"allow":["GET"]}}],"collection":[{"href":"https:\/\/www.protranslate.net\/blog\/wp-json\/wp\/v2\/posts"}],"about":[{"href":"https:\/\/www.protranslate.net\/blog\/wp-json\/wp\/v2\/types\/post"}],"author":[{"embeddable":true,"href":"https:\/\/www.protranslate.net\/blog\/wp-json\/wp\/v2\/users\/8"}],"replies":[{"embeddable":true,"href":"https:\/\/www.protranslate.net\/blog\/wp-json\/wp\/v2\/comments?post=8188"}],"version-history":[{"count":2,"href":"https:\/\/www.protranslate.net\/blog\/wp-json\/wp\/v2\/posts\/8188\/revisions"}],"predecessor-version":[{"id":8193,"href":"https:\/\/www.protranslate.net\/blog\/wp-json\/wp\/v2\/posts\/8188\/revisions\/8193"}],"wp:featuredmedia":[{"embeddable":true,"href":"https:\/\/www.protranslate.net\/blog\/wp-json\/wp\/v2\/media\/8192"}],"wp:attachment":[{"href":"https:\/\/www.protranslate.net\/blog\/wp-json\/wp\/v2\/media?parent=8188"}],"wp:term":[{"taxonomy":"category","embeddable":true,"href":"https:\/\/www.protranslate.net\/blog\/wp-json\/wp\/v2\/categories?post=8188"},{"taxonomy":"post_tag","embeddable":true,"href":"https:\/\/www.protranslate.net\/blog\/wp-json\/wp\/v2\/tags?post=8188"}],"curies":[{"name":"wp","href":"https:\/\/api.w.org\/{rel}","templated":true}]}}