{"id":7971,"date":"2025-01-11T14:38:05","date_gmt":"2025-01-11T11:38:05","guid":{"rendered":"https:\/\/www.protranslate.net\/blog\/?p=7971"},"modified":"2025-01-19T12:17:14","modified_gmt":"2025-01-19T09:17:14","slug":"onde-e-falado-o-alemao-e-por-que-aprender-pode-ser-um-diferencial-para-sua-carreira","status":"publish","type":"post","link":"https:\/\/www.protranslate.net\/blog\/pt\/onde-e-falado-o-alemao-e-por-que-aprender-pode-ser-um-diferencial-para-sua-carreira\/","title":{"rendered":"Onde \u00e9 Falado o Alem\u00e3o e por que Aprender Pode ser um Diferencial para Sua Carreira?"},"content":{"rendered":"<p>O alem\u00e3o \u00e9 uma das l\u00ednguas mais influentes e faladas no mundo, especialmente na Europa, onde desempenha um papel fundamental na economia, na ci\u00eancia e na cultura. Com mais de 100 milh\u00f5es de falantes nativos e milh\u00f5es de pessoas aprendendo o idioma como segunda l\u00edngua, o alem\u00e3o tem grande relev\u00e2ncia no cen\u00e1rio global. Embora seja a l\u00edngua oficial de v\u00e1rios pa\u00edses, sua import\u00e2ncia vai muito al\u00e9m da simples comunica\u00e7\u00e3o cotidiana: ela pode ser a chave para abrir portas em diversas \u00e1reas profissionais e acad\u00eamicas, oferecendo oportunidades em setores como tecnologia, engenharia, medicina e com\u00e9rcio internacional. Se voc\u00ea est\u00e1 pensando em aprender o idioma, entender onde o alem\u00e3o \u00e9 falado pode ajud\u00e1-lo a visualizar o impacto positivo que ele pode ter na sua vida e carreira. Al\u00e9m disso, conhecer o alem\u00e3o facilita o acesso a <a href=\"https:\/\/www.protranslate.net\/pt\/\">tradu\u00e7\u00f5es precisas<\/a> de documentos t\u00e9cnicos, artigos cient\u00edficos e literatura cl\u00e1ssica, permitindo uma compreens\u00e3o mais profunda de conte\u00fados originais que muitas vezes perdem nuances no processo de tradu\u00e7\u00e3o.<\/p>\n<div id=\"ez-toc-container\" class=\"ez-toc-v2_0_63 counter-hierarchy ez-toc-counter ez-toc-grey ez-toc-container-direction\">\n<div class=\"ez-toc-title-container\">\n<p class=\"ez-toc-title \" >Table of Contents<\/p>\n<span class=\"ez-toc-title-toggle\"><a href=\"#\" class=\"ez-toc-pull-right ez-toc-btn ez-toc-btn-xs ez-toc-btn-default ez-toc-toggle\" aria-label=\"Toggle Table of Content\"><span class=\"ez-toc-js-icon-con\"><span class=\"\"><span class=\"eztoc-hide\" style=\"display:none;\">Toggle<\/span><span class=\"ez-toc-icon-toggle-span\"><svg style=\"fill: #999;color:#999\" xmlns=\"http:\/\/www.w3.org\/2000\/svg\" class=\"list-377408\" width=\"20px\" height=\"20px\" viewBox=\"0 0 24 24\" fill=\"none\"><path d=\"M6 6H4v2h2V6zm14 0H8v2h12V6zM4 11h2v2H4v-2zm16 0H8v2h12v-2zM4 16h2v2H4v-2zm16 0H8v2h12v-2z\" fill=\"currentColor\"><\/path><\/svg><svg style=\"fill: #999;color:#999\" class=\"arrow-unsorted-368013\" xmlns=\"http:\/\/www.w3.org\/2000\/svg\" width=\"10px\" height=\"10px\" viewBox=\"0 0 24 24\" version=\"1.2\" baseProfile=\"tiny\"><path d=\"M18.2 9.3l-6.2-6.3-6.2 6.3c-.2.2-.3.4-.3.7s.1.5.3.7c.2.2.4.3.7.3h11c.3 0 .5-.1.7-.3.2-.2.3-.5.3-.7s-.1-.5-.3-.7zM5.8 14.7l6.2 6.3 6.2-6.3c.2-.2.3-.5.3-.7s-.1-.5-.3-.7c-.2-.2-.4-.3-.7-.3h-11c-.3 0-.5.1-.7.3-.2.2-.3.5-.3.7s.1.5.3.7z\"\/><\/svg><\/span><\/span><\/span><\/a><\/span><\/div>\n<nav><ul class='ez-toc-list ez-toc-list-level-1 ' ><li class='ez-toc-page-1 ez-toc-heading-level-2'><a class=\"ez-toc-link ez-toc-heading-1\" href=\"https:\/\/www.protranslate.net\/blog\/pt\/onde-e-falado-o-alemao-e-por-que-aprender-pode-ser-um-diferencial-para-sua-carreira\/#Onde_o_Alemao_e_Falado\" title=\"Onde o Alem\u00e3o \u00e9 Falado?\">Onde o Alem\u00e3o \u00e9 Falado?<\/a><\/li><li class='ez-toc-page-1 ez-toc-heading-level-2'><a class=\"ez-toc-link ez-toc-heading-2\" href=\"https:\/\/www.protranslate.net\/blog\/pt\/onde-e-falado-o-alemao-e-por-que-aprender-pode-ser-um-diferencial-para-sua-carreira\/#Onde_e_Falado_o_Alemao_O_Alemao_no_Mundo_Alem_da_Europa\" title=\"Onde \u00e9 Falado o Alem\u00e3o: O Alem\u00e3o no Mundo Al\u00e9m da Europa\">Onde \u00e9 Falado o Alem\u00e3o: O Alem\u00e3o no Mundo Al\u00e9m da Europa<\/a><\/li><li class='ez-toc-page-1 ez-toc-heading-level-2'><a class=\"ez-toc-link ez-toc-heading-3\" href=\"https:\/\/www.protranslate.net\/blog\/pt\/onde-e-falado-o-alemao-e-por-que-aprender-pode-ser-um-diferencial-para-sua-carreira\/#Por_que_Aprender_Alemao_Pode_ser_um_Diferencial_Para_Sua_Carreira\" title=\"Por que Aprender Alem\u00e3o Pode ser um Diferencial Para Sua Carreira?\">Por que Aprender Alem\u00e3o Pode ser um Diferencial Para Sua Carreira?<\/a><\/li><li class='ez-toc-page-1 ez-toc-heading-level-2'><a class=\"ez-toc-link ez-toc-heading-4\" href=\"https:\/\/www.protranslate.net\/blog\/pt\/onde-e-falado-o-alemao-e-por-que-aprender-pode-ser-um-diferencial-para-sua-carreira\/#Como_Aprender_Alemao\" title=\"Como Aprender Alem\u00e3o?\">Como Aprender Alem\u00e3o?<\/a><\/li><li class='ez-toc-page-1 ez-toc-heading-level-2'><a class=\"ez-toc-link ez-toc-heading-5\" href=\"https:\/\/www.protranslate.net\/blog\/pt\/onde-e-falado-o-alemao-e-por-que-aprender-pode-ser-um-diferencial-para-sua-carreira\/#Beneficios_de_Falar_Alemao\" title=\"Benef\u00edcios de Falar Alem\u00e3o\">Benef\u00edcios de Falar Alem\u00e3o<\/a><\/li><li class='ez-toc-page-1 ez-toc-heading-level-2'><a class=\"ez-toc-link ez-toc-heading-6\" href=\"https:\/\/www.protranslate.net\/blog\/pt\/onde-e-falado-o-alemao-e-por-que-aprender-pode-ser-um-diferencial-para-sua-carreira\/#Onde_e_Falado_o_Alemao_A_Importancia_do_Alemao_no_Mundo_Globalizado\" title=\"Onde \u00e9 Falado o Alem\u00e3o: A Import\u00e2ncia do Alem\u00e3o no Mundo Globalizado\">Onde \u00e9 Falado o Alem\u00e3o: A Import\u00e2ncia do Alem\u00e3o no Mundo Globalizado<\/a><\/li><li class='ez-toc-page-1 ez-toc-heading-level-2'><a class=\"ez-toc-link ez-toc-heading-7\" href=\"https:\/\/www.protranslate.net\/blog\/pt\/onde-e-falado-o-alemao-e-por-que-aprender-pode-ser-um-diferencial-para-sua-carreira\/#Encerramento\" title=\"Encerramento\">Encerramento<\/a><\/li><\/ul><\/nav><\/div>\n<h2><span class=\"ez-toc-section\" id=\"Onde_o_Alemao_e_Falado\"><\/span>Onde o Alem\u00e3o \u00e9 Falado?<span class=\"ez-toc-section-end\"><\/span><\/h2>\n<p>A l\u00edngua alem\u00e3 tem uma presen\u00e7a marcante na Europa. \u00c9 a l\u00edngua oficial ou amplamente falada em diversos pa\u00edses. Vamos conhecer alguns dos principais lugares onde o alem\u00e3o \u00e9 falado:<\/p>\n<ol>\n<li><strong>Alemanha<\/strong> \u2013 O pa\u00eds de origem do idioma \u00e9, sem d\u00favida, o maior e mais importante centro para a l\u00edngua alem\u00e3. Com uma popula\u00e7\u00e3o de mais de 80 milh\u00f5es de pessoas, a Alemanha \u00e9 o cora\u00e7\u00e3o pulsante da cultura e da economia alem\u00e3. Sua import\u00e2ncia vai al\u00e9m da simples linguagem; \u00e9 a l\u00edngua dominante em \u00e1reas como literatura, filosofia, ci\u00eancia e tecnologia. Quando se fala de inova\u00e7\u00e3o e pesquisa, o alem\u00e3o \u00e9 um dos idiomas chave a se considerar.<\/li>\n<li><strong>\u00c1ustria<\/strong> \u2013 Na \u00c1ustria, o alem\u00e3o \u00e9 a l\u00edngua oficial, e \u00e9 falado por praticamente toda a popula\u00e7\u00e3o. Apesar de algumas varia\u00e7\u00f5es dialetais, o idioma tem grande import\u00e2ncia no pa\u00eds, especialmente em \u00e1reas como arte, m\u00fasica e ci\u00eancia. A \u00c1ustria possui uma forte tradi\u00e7\u00e3o cultural e intelectual, com Viena sendo um centro de m\u00fasica cl\u00e1ssica e filosofia. Para quem busca explorar a hist\u00f3ria cultural europeia, o alem\u00e3o \u00e9 fundamental.<\/li>\n<li><strong>Su\u00ed\u00e7a<\/strong> \u2013 O alem\u00e3o \u00e9 uma das quatro l\u00ednguas oficiais da Su\u00ed\u00e7a, ao lado do franc\u00eas, italiano e romanche. Na Su\u00ed\u00e7a, o alem\u00e3o \u00e9 amplamente falado na regi\u00e3o central e norte do pa\u00eds. Como um dos pa\u00edses mais ricos do mundo, a Su\u00ed\u00e7a \u00e9 um importante centro financeiro e comercial. O alem\u00e3o su\u00ed\u00e7o, embora com algumas diferen\u00e7as de pron\u00fancia e vocabul\u00e1rio, ainda mant\u00e9m sua base no alem\u00e3o padr\u00e3o, o que torna o idioma \u00fatil tanto no ambiente corporativo quanto na vida cotidiana.<\/li>\n<li><strong>Luxemburgo<\/strong> \u2013 No pequeno Luxemburgo, o alem\u00e3o \u00e9 uma das tr\u00eas l\u00ednguas oficiais, ao lado do luxemburgu\u00eas e do franc\u00eas. A l\u00edngua alem\u00e3 \u00e9 usada no ensino, m\u00eddia e administra\u00e7\u00e3o. Embora o luxemburgu\u00eas seja a l\u00edngua mais falada no cotidiano, o alem\u00e3o \u00e9 essencial para compreender o funcionamento do sistema educacional e a vida p\u00fablica do pa\u00eds. Devido ao seu tamanho e localiza\u00e7\u00e3o, Luxemburgo tamb\u00e9m \u00e9 um ponto de converg\u00eancia entre diversas culturas europeias.<\/li>\n<li><strong>B\u00e9lgica<\/strong> \u2013 Embora o alem\u00e3o seja falado apenas por uma pequena parte da popula\u00e7\u00e3o, ele \u00e9 uma l\u00edngua oficial na regi\u00e3o de Liege, na B\u00e9lgica, que faz fronteira com a Alemanha. Nessa regi\u00e3o, a l\u00edngua alem\u00e3 \u00e9 utilizada nas escolas e em algumas institui\u00e7\u00f5es governamentais. O belga que domina o alem\u00e3o tem uma vantagem significativa quando se trata de acessar oportunidades de emprego ou se integrar ao mercado de trabalho transfronteiri\u00e7o.<\/li>\n<li><strong>Liechtenstein<\/strong> \u2013 Este pequeno principado entre a Su\u00ed\u00e7a e a \u00c1ustria tem o alem\u00e3o como sua l\u00edngua oficial. Embora o pa\u00eds seja conhecido por seu tamanho diminuto, Liechtenstein tem um papel relevante no setor financeiro global. Falar alem\u00e3o \u00e9 fundamental para quem deseja explorar as oportunidades de carreira e neg\u00f3cios na regi\u00e3o.<\/li>\n<\/ol>\n<p>&nbsp;<\/p>\n\n            <style>\n                #mica_ecta_97.mica_ecta_layout{\n                    padding-top: 20px !important;\n                    padding-bottom: 20px !important;\n                    padding-left: 30px !important;\n                    padding-right: 30px !important;\n                    border-radius: 10px !important;\n                    background-color: #05c1ff !important;\n                    text-align: left !important;\n                }\n\n                #mica_ecta_97 .mica_ecta_title{\n                    font-size: 28px !important;\n                    font-weight: 700 !important;\n                    color: #ffffff !important;\n                    line-height: 1.3 !important;\n                    margin-top: 0 !important;\n                    margin-bottom: 0.5rem !important;\n                }\n\n                #mica_ecta_97 .mica_ecta_text{\n                    font-size: 16px !important;\n                    font-weight: 400 !important;\n                    color: #ffffff !important;\n                    line-height: 1.5 !important;\n                    margin-top: 0 !important;\n                    margin-bottom: 1rem !important;\n                }\n                \n                #mica_ecta_97 .mica_ecta_btn{\n                    font-size: 16px !important;\n                    font-weight: 700 !important;\n                    color: #1b1b1b !important;\n                    background-color: #f1f51b !important;\n                    padding-top: 8px !important;\n                    padding-bottom: 8px !important;\n                    padding-left: 16px !important;\n                    padding-right: 16px !important;\n                    border-radius: 6px !important;\n                    text-decoration: none !important;\n                    outline: none !important;\n                    transition: all 0.3s ease !important;\n                    margin-top: 5px !important;\n                    display: inline-block !important;\n                }\n                \n                #mica_ecta_97 .mica_ecta_btn:hover{\n                    color: #ffffff !important;\n                    background-color: #f45b69 !important;\n                }\n            <\/style>\n            <div id='mica_ecta_97' class='mica_ecta_layout'><h3 class='mica_ecta_title'>Escrit\u00f3rio de Tradu\u00e7\u00e3o<\/h3><p class='mica_ecta_text'>Procura um escrit\u00f3rio de tradu\u00e7\u00e3o online? O escrit\u00f3rio de tradu\u00e7\u00e3o da Protranslate fornece servi\u00e7os de tradu\u00e7\u00e3o online. Obtenha o seu or\u00e7amento hoje!<\/p><a href='https:\/\/www.protranslate.net\/pt\/order\/?certified=1' class='mica_ecta_btn' >Fazer um Or\u00e7amento<\/a><\/div>\n<p>&nbsp;<\/p>\n<h2><span class=\"ez-toc-section\" id=\"Onde_e_Falado_o_Alemao_O_Alemao_no_Mundo_Alem_da_Europa\"><\/span>Onde \u00e9 Falado o Alem\u00e3o: O Alem\u00e3o no Mundo Al\u00e9m da Europa<span class=\"ez-toc-section-end\"><\/span><\/h2>\n<p>Embora o alem\u00e3o seja uma l\u00edngua predominantemente europeia, sua influ\u00eancia vai al\u00e9m das fronteiras continentais. Em pa\u00edses como os Estados Unidos, Brasil, Canad\u00e1 e Argentina, existem comunidades significativas de falantes de alem\u00e3o, que mant\u00eam o idioma vivo por meio de escolas, igrejas e organiza\u00e7\u00f5es culturais. Em algumas \u00e1reas, como a Pensilv\u00e2nia nos Estados Unidos, o dialeto alem\u00e3o (chamado de &#8220;Pennsylvania Dutch&#8221;) ainda \u00e9 falado por algumas comunidades, preservando uma rica tradi\u00e7\u00e3o de falantes nativos.<\/p>\n<h2><span class=\"ez-toc-section\" id=\"Por_que_Aprender_Alemao_Pode_ser_um_Diferencial_Para_Sua_Carreira\"><\/span>Por que Aprender Alem\u00e3o Pode ser um Diferencial Para Sua Carreira?<span class=\"ez-toc-section-end\"><\/span><\/h2>\n<p>O alem\u00e3o \u00e9 um idioma poderoso no mundo dos neg\u00f3cios. Ele \u00e9 a l\u00edngua mais falada na <a href=\"https:\/\/european-union.europa.eu\/index_pt\">Uni\u00e3o Europeia<\/a> e uma das mais influentes no cen\u00e1rio global. Aqui est\u00e3o algumas raz\u00f5es pelas quais aprender alem\u00e3o pode ser crucial para sua trajet\u00f3ria profissional:<\/p>\n<ol>\n<li><strong>Acesso a mercados de trabalho competitivos<\/strong><br \/>\nEmpresas internacionais, especialmente aquelas com sede na Alemanha, \u00c1ustria e Su\u00ed\u00e7a, frequentemente buscam profissionais que falam alem\u00e3o. Isso inclui setores como engenharia, tecnologia, finan\u00e7as, sa\u00fade, e at\u00e9 marketing digital. Profissionais bil\u00edngues em alem\u00e3o t\u00eam um grande diferencial nas sele\u00e7\u00f5es de emprego. Al\u00e9m disso, os pa\u00edses de l\u00edngua alem\u00e3 est\u00e3o entre os mais inovadores do mundo, o que significa que aprender o idioma pode coloc\u00e1-lo na vanguarda de ind\u00fastrias de ponta.<\/li>\n<li><strong>Abertura para oportunidades acad\u00eamicas<\/strong><br \/>\nO alem\u00e3o tamb\u00e9m \u00e9 fundamental para quem deseja estudar em algumas das universidades mais prestigiadas do mundo. A Alemanha possui institui\u00e7\u00f5es renomadas, como a Universidade de Heidelberg e a Universidade T\u00e9cnica de Munique, que atraem estudantes de todas as partes do globo. E com a qualidade educacional alem\u00e3 reconhecida mundialmente, ser fluente na l\u00edngua pode dar acesso a bolsas de estudo e programas acad\u00eamicos de alto n\u00edvel.<\/li>\n<li><strong>Crescimento no setor cultural e art\u00edstico<\/strong><br \/>\nSe voc\u00ea tem interesse em \u00e1reas como m\u00fasica, filosofia, literatura ou arte, o alem\u00e3o \u00e9 um idioma essencial. As contribui\u00e7\u00f5es culturais e intelectuais da Alemanha, \u00c1ustria e Su\u00ed\u00e7a s\u00e3o vastas, e ser fluente na l\u00edngua abre portas para um entendimento mais profundo dessa rica heran\u00e7a. A Alemanha \u00e9 a terra de compositores como Beethoven e Bach, al\u00e9m de fil\u00f3sofos como Nietzsche e Kant. A cultura germ\u00e2nica continua a ter um impacto significativo no mundo contempor\u00e2neo.<\/li>\n<li><strong>Expans\u00e3o para o mercado global<\/strong><br \/>\nCom a globaliza\u00e7\u00e3o, muitas empresas est\u00e3o expandindo suas opera\u00e7\u00f5es para al\u00e9m das fronteiras nacionais. O dom\u00ednio do alem\u00e3o permite que voc\u00ea atue n\u00e3o apenas no mercado local de pa\u00edses como a Alemanha, mas tamb\u00e9m nos mercados globais, onde o idioma \u00e9 essencial. Para quem deseja trabalhar em empresas multinacionais ou estabelecer neg\u00f3cios pr\u00f3prios, falar alem\u00e3o \u00e9 um passo importante para ter sucesso internacionalmente.<\/li>\n<\/ol>\n<p>&nbsp;<\/p>\n\n            <style>\n                #mica_ecta_114.mica_ecta_layout{\n                    padding-top: 20px !important;\n                    padding-bottom: 20px !important;\n                    padding-left: 30px !important;\n                    padding-right: 30px !important;\n                    border-radius: 10px !important;\n                    background-color: #05c1ff !important;\n                    text-align: left !important;\n                }\n\n                #mica_ecta_114 .mica_ecta_title{\n                    font-size: 28px !important;\n                    font-weight: 700 !important;\n                    color: #ffffff !important;\n                    line-height: 1.3 !important;\n                    margin-top: 0 !important;\n                    margin-bottom: 0.5rem !important;\n                }\n\n                #mica_ecta_114 .mica_ecta_text{\n                    font-size: 16px !important;\n                    font-weight: 400 !important;\n                    color: #ffffff !important;\n                    line-height: 1.5 !important;\n                    margin-top: 0 !important;\n                    margin-bottom: 1rem !important;\n                }\n                \n                #mica_ecta_114 .mica_ecta_btn{\n                    font-size: 16px !important;\n                    font-weight: 700 !important;\n                    color: #1b1b1b !important;\n                    background-color: #f1f51b !important;\n                    padding-top: 8px !important;\n                    padding-bottom: 8px !important;\n                    padding-left: 16px !important;\n                    padding-right: 16px !important;\n                    border-radius: 6px !important;\n                    text-decoration: none !important;\n                    outline: none !important;\n                    transition: all 0.3s ease !important;\n                    margin-top: 5px !important;\n                    display: inline-block !important;\n                }\n                \n                #mica_ecta_114 .mica_ecta_btn:hover{\n                    color: #ffffff !important;\n                    background-color: #f45b69 !important;\n                }\n            <\/style>\n            <div id='mica_ecta_114' class='mica_ecta_layout'><h3 class='mica_ecta_title'>Tradu\u00e7\u00e3o Juramentada Online<\/h3><p class='mica_ecta_text'>Hoje muitas empresas e mesmo clientes individuais exigem o servi\u00e7o de tradutor juramentado. A Protranslate est\u00e1 aqui para lhe fornecer a especialidade necess\u00e1ria. Obtenha agora uma cota\u00e7\u00e3o instant\u00e2nea de tradu\u00e7\u00e3o juramentada!<\/p><a href='https:\/\/www.protranslate.net\/pt\/order\/?certified=1' class='mica_ecta_btn' >Fazer um Or\u00e7amento<\/a><\/div>\n<p>&nbsp;<\/p>\n<h2><span class=\"ez-toc-section\" id=\"Como_Aprender_Alemao\"><\/span>Como Aprender Alem\u00e3o?<span class=\"ez-toc-section-end\"><\/span><\/h2>\n<p>Aprender uma nova l\u00edngua pode parecer desafiador, mas n\u00e3o \u00e9 imposs\u00edvel. O primeiro passo \u00e9 sempre o mais dif\u00edcil. Aqui est\u00e3o algumas dicas para voc\u00ea come\u00e7ar:<\/p>\n<ol>\n<li><strong>Cursos de alem\u00e3o online e presenciais<\/strong><br \/>\nExistem muitos recursos, desde plataformas de aprendizado online at\u00e9 escolas de idiomas em sua cidade. Aproveite a flexibilidade de cursos online para praticar no seu ritmo. Se poss\u00edvel, participe de imers\u00f5es e eventos culturais que utilizem o idioma para fortalecer sua compreens\u00e3o.<\/li>\n<li><strong>Imers\u00e3o na cultura alem\u00e3<\/strong><br \/>\nAssistir a filmes, ouvir m\u00fasica e ler livros em alem\u00e3o pode ajud\u00e1-lo a se familiarizar com o idioma de forma divertida e envolvente. Isso vai al\u00e9m do aprendizado formal, criando uma experi\u00eancia mais rica e pr\u00e1tica. Ao se expor \u00e0 cultura alem\u00e3 de maneira informal, voc\u00ea come\u00e7a a internalizar express\u00f5es e g\u00edrias que far\u00e3o toda a diferen\u00e7a no uso di\u00e1rio do idioma.<\/li>\n<li><strong>Pr\u00e1tica com nativos<\/strong><br \/>\nEncontrar parceiros para praticar a l\u00edngua \u00e9 uma das melhores formas de aprender. Hoje, existem diversas plataformas online que conectam estudantes com falantes nativos, proporcionando uma troca lingu\u00edstica que acelera o aprendizado. E se voc\u00ea tiver a chance de viajar para um pa\u00eds de l\u00edngua alem\u00e3, a pr\u00e1tica di\u00e1ria ser\u00e1 ainda mais eficaz.<\/li>\n<\/ol>\n<h2><span class=\"ez-toc-section\" id=\"Beneficios_de_Falar_Alemao\"><\/span>Benef\u00edcios de Falar Alem\u00e3o<span class=\"ez-toc-section-end\"><\/span><\/h2>\n<p>Falar alem\u00e3o n\u00e3o s\u00f3 pode impulsionar sua carreira, mas tamb\u00e9m traz benef\u00edcios pessoais. O idioma abre portas para viagens, novas amizades e uma compreens\u00e3o mais profunda de culturas diferentes. Al\u00e9m disso, a l\u00edngua alem\u00e3 tem uma sonoridade \u00fanica e uma estrutura gramatical interessante, o que torna o aprendizado desafiador e estimulante.<\/p>\n<h2><span class=\"ez-toc-section\" id=\"Onde_e_Falado_o_Alemao_A_Importancia_do_Alemao_no_Mundo_Globalizado\"><\/span>Onde \u00e9 Falado o Alem\u00e3o: A Import\u00e2ncia do Alem\u00e3o no Mundo Globalizado<span class=\"ez-toc-section-end\"><\/span><\/h2>\n<p>Com o mundo cada vez mais conectado, aprender alem\u00e3o vai al\u00e9m da comunica\u00e7\u00e3o dentro de pa\u00edses que falam o idioma. Ela \u00e9 uma chave para abrir portas em diversas partes do mundo, seja no \u00e2mbito dos neg\u00f3cios, da academia ou da cultura. O alem\u00e3o tamb\u00e9m \u00e9 uma das l\u00ednguas mais faladas no contexto de inova\u00e7\u00e3o tecnol\u00f3gica e cient\u00edfica, permitindo que voc\u00ea se conecte com algumas das mentes mais brilhantes da atualidade.<\/p>\n<h2><span class=\"ez-toc-section\" id=\"Encerramento\"><\/span>Encerramento<span class=\"ez-toc-section-end\"><\/span><\/h2>\n<p>O alem\u00e3o \u00e9 muito mais do que apenas uma l\u00edngua. \u00c9 uma ponte para o sucesso profissional, cultural e acad\u00eamico. Em um mundo onde a globaliza\u00e7\u00e3o continua a ser uma for\u00e7a importante, aprender alem\u00e3o pode ser o seu diferencial. Ao se aventurar no aprendizado desse idioma, voc\u00ea estar\u00e1 se abrindo para uma vasta gama de oportunidades e experi\u00eancias, al\u00e9m de conquistar um espa\u00e7o maior no mercado de trabalho global.<\/p>\n<p>&nbsp;<\/p>\n","protected":false},"excerpt":{"rendered":"<p>O alem\u00e3o \u00e9 uma das l\u00ednguas mais influentes e faladas no mundo, especialmente na Europa, onde desempenha um papel fundamental na economia, na ci\u00eancia e na cultura. Com mais de 100 milh\u00f5es de falantes nativos e milh\u00f5es de pessoas aprendendo o idioma como segunda l\u00edngua, o alem\u00e3o tem grande relev\u00e2ncia no cen\u00e1rio global. Embora seja [&hellip;]<\/p>\n","protected":false},"author":8,"featured_media":7972,"comment_status":"open","ping_status":"open","sticky":false,"template":"","format":"standard","meta":{"_et_pb_use_builder":"","_et_pb_old_content":"","_et_gb_content_width":"","footnotes":""},"categories":[174],"tags":[],"class_list":["post-7971","post","type-post","status-publish","format-standard","has-post-thumbnail","hentry","category-traducao-pt"],"yoast_head":"<!-- This site is optimized with the Yoast SEO plugin v22.3 - https:\/\/yoast.com\/wordpress\/plugins\/seo\/ -->\n<title>Onde \u00e9 Falado o Alem\u00e3o e por que Aprender - Protranslate Blog<\/title>\n<meta name=\"description\" content=\"Onde \u00e9 Falado o Alem\u00e3o. Aprender alem\u00e3o pode ser o diferencial para sua carreira e abrir portas em pa\u00edses como Alemanha, \u00c1ustria e Su\u00ed\u00e7a!\" \/>\n<meta name=\"robots\" content=\"index, follow, max-snippet:-1, max-image-preview:large, max-video-preview:-1\" \/>\n<link rel=\"canonical\" href=\"https:\/\/www.protranslate.net\/blog\/pt\/onde-e-falado-o-alemao-e-por-que-aprender-pode-ser-um-diferencial-para-sua-carreira\/\" \/>\n<meta property=\"og:locale\" content=\"en_US\" \/>\n<meta property=\"og:type\" content=\"article\" \/>\n<meta property=\"og:title\" content=\"Onde \u00e9 Falado o Alem\u00e3o e por que Aprender - Protranslate Blog\" \/>\n<meta property=\"og:description\" content=\"Onde \u00e9 Falado o Alem\u00e3o. Aprender alem\u00e3o pode ser o diferencial para sua carreira e abrir portas em pa\u00edses como Alemanha, \u00c1ustria e Su\u00ed\u00e7a!\" \/>\n<meta property=\"og:url\" content=\"https:\/\/www.protranslate.net\/blog\/pt\/onde-e-falado-o-alemao-e-por-que-aprender-pode-ser-um-diferencial-para-sua-carreira\/\" \/>\n<meta property=\"og:site_name\" content=\"Protranslate Blog\" \/>\n<meta property=\"article:published_time\" content=\"2025-01-11T11:38:05+00:00\" \/>\n<meta property=\"article:modified_time\" content=\"2025-01-19T09:17:14+00:00\" \/>\n<meta property=\"og:image\" content=\"https:\/\/www.protranslate.net\/blog\/wp-content\/uploads\/Onde-e-Falado-o-Alemao.webp\" \/>\n\t<meta property=\"og:image:width\" content=\"800\" \/>\n\t<meta property=\"og:image:height\" content=\"500\" \/>\n\t<meta property=\"og:image:type\" content=\"image\/webp\" \/>\n<meta name=\"author\" content=\"Okan Yavuz\" \/>\n<meta name=\"twitter:card\" content=\"summary_large_image\" \/>\n<meta name=\"twitter:label1\" content=\"Written by\" \/>\n\t<meta name=\"twitter:data1\" content=\"Okan Yavuz\" \/>\n\t<meta name=\"twitter:label2\" content=\"Est. reading time\" \/>\n\t<meta name=\"twitter:data2\" content=\"7 minutes\" \/>\n<script type=\"application\/ld+json\" class=\"yoast-schema-graph\">{\"@context\":\"https:\/\/schema.org\",\"@graph\":[{\"@type\":\"WebPage\",\"@id\":\"https:\/\/www.protranslate.net\/blog\/pt\/onde-e-falado-o-alemao-e-por-que-aprender-pode-ser-um-diferencial-para-sua-carreira\/\",\"url\":\"https:\/\/www.protranslate.net\/blog\/pt\/onde-e-falado-o-alemao-e-por-que-aprender-pode-ser-um-diferencial-para-sua-carreira\/\",\"name\":\"Onde \u00e9 Falado o Alem\u00e3o e por que Aprender - Protranslate Blog\",\"isPartOf\":{\"@id\":\"https:\/\/www.protranslate.net\/blog\/#website\"},\"primaryImageOfPage\":{\"@id\":\"https:\/\/www.protranslate.net\/blog\/pt\/onde-e-falado-o-alemao-e-por-que-aprender-pode-ser-um-diferencial-para-sua-carreira\/#primaryimage\"},\"image\":{\"@id\":\"https:\/\/www.protranslate.net\/blog\/pt\/onde-e-falado-o-alemao-e-por-que-aprender-pode-ser-um-diferencial-para-sua-carreira\/#primaryimage\"},\"thumbnailUrl\":\"https:\/\/www.protranslate.net\/blog\/wp-content\/uploads\/Onde-e-Falado-o-Alemao.webp\",\"datePublished\":\"2025-01-11T11:38:05+00:00\",\"dateModified\":\"2025-01-19T09:17:14+00:00\",\"author\":{\"@id\":\"https:\/\/www.protranslate.net\/blog\/#\/schema\/person\/bd918eb1d889ca9b9ef7b0c684e96991\"},\"description\":\"Onde \u00e9 Falado o Alem\u00e3o. Aprender alem\u00e3o pode ser o diferencial para sua carreira e abrir portas em pa\u00edses como Alemanha, \u00c1ustria e Su\u00ed\u00e7a!\",\"breadcrumb\":{\"@id\":\"https:\/\/www.protranslate.net\/blog\/pt\/onde-e-falado-o-alemao-e-por-que-aprender-pode-ser-um-diferencial-para-sua-carreira\/#breadcrumb\"},\"inLanguage\":\"en-US\",\"potentialAction\":[{\"@type\":\"ReadAction\",\"target\":[\"https:\/\/www.protranslate.net\/blog\/pt\/onde-e-falado-o-alemao-e-por-que-aprender-pode-ser-um-diferencial-para-sua-carreira\/\"]}]},{\"@type\":\"ImageObject\",\"inLanguage\":\"en-US\",\"@id\":\"https:\/\/www.protranslate.net\/blog\/pt\/onde-e-falado-o-alemao-e-por-que-aprender-pode-ser-um-diferencial-para-sua-carreira\/#primaryimage\",\"url\":\"https:\/\/www.protranslate.net\/blog\/wp-content\/uploads\/Onde-e-Falado-o-Alemao.webp\",\"contentUrl\":\"https:\/\/www.protranslate.net\/blog\/wp-content\/uploads\/Onde-e-Falado-o-Alemao.webp\",\"width\":800,\"height\":500,\"caption\":\"Onde \u00e9 Falado o Alem\u00e3o\"},{\"@type\":\"BreadcrumbList\",\"@id\":\"https:\/\/www.protranslate.net\/blog\/pt\/onde-e-falado-o-alemao-e-por-que-aprender-pode-ser-um-diferencial-para-sua-carreira\/#breadcrumb\",\"itemListElement\":[{\"@type\":\"ListItem\",\"position\":1,\"name\":\"Home\",\"item\":\"https:\/\/www.protranslate.net\/blog\/tr\/\"},{\"@type\":\"ListItem\",\"position\":2,\"name\":\"Onde \u00e9 Falado o Alem\u00e3o e por que Aprender Pode ser um Diferencial para Sua Carreira?\"}]},{\"@type\":\"WebSite\",\"@id\":\"https:\/\/www.protranslate.net\/blog\/#website\",\"url\":\"https:\/\/www.protranslate.net\/blog\/\",\"name\":\"Protranslate Blog\",\"description\":\"\",\"potentialAction\":[{\"@type\":\"SearchAction\",\"target\":{\"@type\":\"EntryPoint\",\"urlTemplate\":\"https:\/\/www.protranslate.net\/blog\/?s={search_term_string}\"},\"query-input\":\"required name=search_term_string\"}],\"inLanguage\":\"en-US\"},{\"@type\":\"Person\",\"@id\":\"https:\/\/www.protranslate.net\/blog\/#\/schema\/person\/bd918eb1d889ca9b9ef7b0c684e96991\",\"name\":\"Okan Yavuz\",\"image\":{\"@type\":\"ImageObject\",\"inLanguage\":\"en-US\",\"@id\":\"https:\/\/www.protranslate.net\/blog\/#\/schema\/person\/image\/\",\"url\":\"https:\/\/secure.gravatar.com\/avatar\/eb97a762ed38c9119483979bc4d8a25bffad1584eafddf7bfd405920da4f85ec?s=96&d=mm&r=g\",\"contentUrl\":\"https:\/\/secure.gravatar.com\/avatar\/eb97a762ed38c9119483979bc4d8a25bffad1584eafddf7bfd405920da4f85ec?s=96&d=mm&r=g\",\"caption\":\"Okan Yavuz\"},\"url\":\"https:\/\/www.protranslate.net\/blog\/author\/okan-yavuz\/\"}]}<\/script>\n<!-- \/ Yoast SEO plugin. -->","yoast_head_json":{"title":"Onde \u00e9 Falado o Alem\u00e3o e por que Aprender - Protranslate Blog","description":"Onde \u00e9 Falado o Alem\u00e3o. Aprender alem\u00e3o pode ser o diferencial para sua carreira e abrir portas em pa\u00edses como Alemanha, \u00c1ustria e Su\u00ed\u00e7a!","robots":{"index":"index","follow":"follow","max-snippet":"max-snippet:-1","max-image-preview":"max-image-preview:large","max-video-preview":"max-video-preview:-1"},"canonical":"https:\/\/www.protranslate.net\/blog\/pt\/onde-e-falado-o-alemao-e-por-que-aprender-pode-ser-um-diferencial-para-sua-carreira\/","og_locale":"en_US","og_type":"article","og_title":"Onde \u00e9 Falado o Alem\u00e3o e por que Aprender - Protranslate Blog","og_description":"Onde \u00e9 Falado o Alem\u00e3o. Aprender alem\u00e3o pode ser o diferencial para sua carreira e abrir portas em pa\u00edses como Alemanha, \u00c1ustria e Su\u00ed\u00e7a!","og_url":"https:\/\/www.protranslate.net\/blog\/pt\/onde-e-falado-o-alemao-e-por-que-aprender-pode-ser-um-diferencial-para-sua-carreira\/","og_site_name":"Protranslate Blog","article_published_time":"2025-01-11T11:38:05+00:00","article_modified_time":"2025-01-19T09:17:14+00:00","og_image":[{"width":800,"height":500,"url":"https:\/\/www.protranslate.net\/blog\/wp-content\/uploads\/Onde-e-Falado-o-Alemao.webp","type":"image\/webp"}],"author":"Okan Yavuz","twitter_card":"summary_large_image","twitter_misc":{"Written by":"Okan Yavuz","Est. reading time":"7 minutes"},"schema":{"@context":"https:\/\/schema.org","@graph":[{"@type":"WebPage","@id":"https:\/\/www.protranslate.net\/blog\/pt\/onde-e-falado-o-alemao-e-por-que-aprender-pode-ser-um-diferencial-para-sua-carreira\/","url":"https:\/\/www.protranslate.net\/blog\/pt\/onde-e-falado-o-alemao-e-por-que-aprender-pode-ser-um-diferencial-para-sua-carreira\/","name":"Onde \u00e9 Falado o Alem\u00e3o e por que Aprender - Protranslate Blog","isPartOf":{"@id":"https:\/\/www.protranslate.net\/blog\/#website"},"primaryImageOfPage":{"@id":"https:\/\/www.protranslate.net\/blog\/pt\/onde-e-falado-o-alemao-e-por-que-aprender-pode-ser-um-diferencial-para-sua-carreira\/#primaryimage"},"image":{"@id":"https:\/\/www.protranslate.net\/blog\/pt\/onde-e-falado-o-alemao-e-por-que-aprender-pode-ser-um-diferencial-para-sua-carreira\/#primaryimage"},"thumbnailUrl":"https:\/\/www.protranslate.net\/blog\/wp-content\/uploads\/Onde-e-Falado-o-Alemao.webp","datePublished":"2025-01-11T11:38:05+00:00","dateModified":"2025-01-19T09:17:14+00:00","author":{"@id":"https:\/\/www.protranslate.net\/blog\/#\/schema\/person\/bd918eb1d889ca9b9ef7b0c684e96991"},"description":"Onde \u00e9 Falado o Alem\u00e3o. Aprender alem\u00e3o pode ser o diferencial para sua carreira e abrir portas em pa\u00edses como Alemanha, \u00c1ustria e Su\u00ed\u00e7a!","breadcrumb":{"@id":"https:\/\/www.protranslate.net\/blog\/pt\/onde-e-falado-o-alemao-e-por-que-aprender-pode-ser-um-diferencial-para-sua-carreira\/#breadcrumb"},"inLanguage":"en-US","potentialAction":[{"@type":"ReadAction","target":["https:\/\/www.protranslate.net\/blog\/pt\/onde-e-falado-o-alemao-e-por-que-aprender-pode-ser-um-diferencial-para-sua-carreira\/"]}]},{"@type":"ImageObject","inLanguage":"en-US","@id":"https:\/\/www.protranslate.net\/blog\/pt\/onde-e-falado-o-alemao-e-por-que-aprender-pode-ser-um-diferencial-para-sua-carreira\/#primaryimage","url":"https:\/\/www.protranslate.net\/blog\/wp-content\/uploads\/Onde-e-Falado-o-Alemao.webp","contentUrl":"https:\/\/www.protranslate.net\/blog\/wp-content\/uploads\/Onde-e-Falado-o-Alemao.webp","width":800,"height":500,"caption":"Onde \u00e9 Falado o Alem\u00e3o"},{"@type":"BreadcrumbList","@id":"https:\/\/www.protranslate.net\/blog\/pt\/onde-e-falado-o-alemao-e-por-que-aprender-pode-ser-um-diferencial-para-sua-carreira\/#breadcrumb","itemListElement":[{"@type":"ListItem","position":1,"name":"Home","item":"https:\/\/www.protranslate.net\/blog\/tr\/"},{"@type":"ListItem","position":2,"name":"Onde \u00e9 Falado o Alem\u00e3o e por que Aprender Pode ser um Diferencial para Sua Carreira?"}]},{"@type":"WebSite","@id":"https:\/\/www.protranslate.net\/blog\/#website","url":"https:\/\/www.protranslate.net\/blog\/","name":"Protranslate Blog","description":"","potentialAction":[{"@type":"SearchAction","target":{"@type":"EntryPoint","urlTemplate":"https:\/\/www.protranslate.net\/blog\/?s={search_term_string}"},"query-input":"required name=search_term_string"}],"inLanguage":"en-US"},{"@type":"Person","@id":"https:\/\/www.protranslate.net\/blog\/#\/schema\/person\/bd918eb1d889ca9b9ef7b0c684e96991","name":"Okan Yavuz","image":{"@type":"ImageObject","inLanguage":"en-US","@id":"https:\/\/www.protranslate.net\/blog\/#\/schema\/person\/image\/","url":"https:\/\/secure.gravatar.com\/avatar\/eb97a762ed38c9119483979bc4d8a25bffad1584eafddf7bfd405920da4f85ec?s=96&d=mm&r=g","contentUrl":"https:\/\/secure.gravatar.com\/avatar\/eb97a762ed38c9119483979bc4d8a25bffad1584eafddf7bfd405920da4f85ec?s=96&d=mm&r=g","caption":"Okan Yavuz"},"url":"https:\/\/www.protranslate.net\/blog\/author\/okan-yavuz\/"}]}},"_links":{"self":[{"href":"https:\/\/www.protranslate.net\/blog\/wp-json\/wp\/v2\/posts\/7971","targetHints":{"allow":["GET"]}}],"collection":[{"href":"https:\/\/www.protranslate.net\/blog\/wp-json\/wp\/v2\/posts"}],"about":[{"href":"https:\/\/www.protranslate.net\/blog\/wp-json\/wp\/v2\/types\/post"}],"author":[{"embeddable":true,"href":"https:\/\/www.protranslate.net\/blog\/wp-json\/wp\/v2\/users\/8"}],"replies":[{"embeddable":true,"href":"https:\/\/www.protranslate.net\/blog\/wp-json\/wp\/v2\/comments?post=7971"}],"version-history":[{"count":3,"href":"https:\/\/www.protranslate.net\/blog\/wp-json\/wp\/v2\/posts\/7971\/revisions"}],"predecessor-version":[{"id":8047,"href":"https:\/\/www.protranslate.net\/blog\/wp-json\/wp\/v2\/posts\/7971\/revisions\/8047"}],"wp:featuredmedia":[{"embeddable":true,"href":"https:\/\/www.protranslate.net\/blog\/wp-json\/wp\/v2\/media\/7972"}],"wp:attachment":[{"href":"https:\/\/www.protranslate.net\/blog\/wp-json\/wp\/v2\/media?parent=7971"}],"wp:term":[{"taxonomy":"category","embeddable":true,"href":"https:\/\/www.protranslate.net\/blog\/wp-json\/wp\/v2\/categories?post=7971"},{"taxonomy":"post_tag","embeddable":true,"href":"https:\/\/www.protranslate.net\/blog\/wp-json\/wp\/v2\/tags?post=7971"}],"curies":[{"name":"wp","href":"https:\/\/api.w.org\/{rel}","templated":true}]}}