{"id":7300,"date":"2024-09-30T13:15:52","date_gmt":"2024-09-30T10:15:52","guid":{"rendered":"https:\/\/www.protranslate.net\/blog\/?p=7300"},"modified":"2024-09-30T13:15:52","modified_gmt":"2024-09-30T10:15:52","slug":"ilu-ludzi-uzywa-jezyka-niemieckiego-na-calym-swiecie","status":"publish","type":"post","link":"https:\/\/www.protranslate.net\/blog\/pl\/ilu-ludzi-uzywa-jezyka-niemieckiego-na-calym-swiecie\/","title":{"rendered":"Ilu Ludzi U\u017cywa J\u0119zyka Niemieckiego Na Ca\u0142ym \u015awiecie?"},"content":{"rendered":"<p>J\u0119zyk Niemiecki jest powszechnie u\u017cywany i pe\u0142ni funkcj\u0119 j\u0119zyka urz\u0119dowego w sze\u015bciu krajach europejskich: Niemczech, Austrii, Szwajcarii, Liechtensteinie, Luksemburgu i Belgii. Ponadto, ze wzgl\u0119du na historyczn\u0105 migracj\u0119, J\u0119zyka Niemieckiego u\u017cywa si\u0119 tak\u017ce poza Europ\u0105, szczeg\u00f3lnie w Stanach Zjednoczonych, Kanadzie i Ameryce Po\u0142udniowej. Z oko\u0142o 130 milionami u\u017cytkownik\u00f3w na ca\u0142ym \u015bwiecie, J\u0119zyka Niemieckiego u\u017cywa si\u0119 zar\u00f3wno w komunikacji regionalnej, jak i w globalnym handlu, edukacji oraz wymianie kulturowej. Nauka J\u0119zyka Niemieckiego otwiera drzwi do bogatego dziedzictwa kulturowego oraz szerokich mo\u017cliwo\u015bci zawodowych.<\/p>\n<p>W przypadku potrzeby komunikacji, warto rozwa\u017cy\u0107 <a href=\"https:\/\/www.protranslate.net\/pl\/ceny-tlumaczen\/\">t\u0142umaczenie J\u0119zyk Niemiecki<\/a>, aby dotrze\u0107 do szerszego grona odbiorc\u00f3w.<\/p>\n<div id=\"ez-toc-container\" class=\"ez-toc-v2_0_63 counter-hierarchy ez-toc-counter ez-toc-grey ez-toc-container-direction\">\n<div class=\"ez-toc-title-container\">\n<p class=\"ez-toc-title \" >Table of Contents<\/p>\n<span class=\"ez-toc-title-toggle\"><a href=\"#\" class=\"ez-toc-pull-right ez-toc-btn ez-toc-btn-xs ez-toc-btn-default ez-toc-toggle\" aria-label=\"Toggle Table of Content\"><span class=\"ez-toc-js-icon-con\"><span class=\"\"><span class=\"eztoc-hide\" style=\"display:none;\">Toggle<\/span><span class=\"ez-toc-icon-toggle-span\"><svg style=\"fill: #999;color:#999\" xmlns=\"http:\/\/www.w3.org\/2000\/svg\" class=\"list-377408\" width=\"20px\" height=\"20px\" viewBox=\"0 0 24 24\" fill=\"none\"><path d=\"M6 6H4v2h2V6zm14 0H8v2h12V6zM4 11h2v2H4v-2zm16 0H8v2h12v-2zM4 16h2v2H4v-2zm16 0H8v2h12v-2z\" fill=\"currentColor\"><\/path><\/svg><svg style=\"fill: #999;color:#999\" class=\"arrow-unsorted-368013\" xmlns=\"http:\/\/www.w3.org\/2000\/svg\" width=\"10px\" height=\"10px\" viewBox=\"0 0 24 24\" version=\"1.2\" baseProfile=\"tiny\"><path d=\"M18.2 9.3l-6.2-6.3-6.2 6.3c-.2.2-.3.4-.3.7s.1.5.3.7c.2.2.4.3.7.3h11c.3 0 .5-.1.7-.3.2-.2.3-.5.3-.7s-.1-.5-.3-.7zM5.8 14.7l6.2 6.3 6.2-6.3c.2-.2.3-.5.3-.7s-.1-.5-.3-.7c-.2-.2-.4-.3-.7-.3h-11c-.3 0-.5.1-.7.3-.2.2-.3.5-.3.7s.1.5.3.7z\"\/><\/svg><\/span><\/span><\/span><\/a><\/span><\/div>\n<nav><ul class='ez-toc-list ez-toc-list-level-1 ' ><li class='ez-toc-page-1 ez-toc-heading-level-2'><a class=\"ez-toc-link ez-toc-heading-1\" href=\"https:\/\/www.protranslate.net\/blog\/pl\/ilu-ludzi-uzywa-jezyka-niemieckiego-na-calym-swiecie\/#W_Jakich_Krajach_Mowi_Sie_Po_Niemiecku\" title=\"W Jakich Krajach M\u00f3wi Si\u0119 Po Niemiecku?\">W Jakich Krajach M\u00f3wi Si\u0119 Po Niemiecku?<\/a><\/li><li class='ez-toc-page-1 ez-toc-heading-level-2'><a class=\"ez-toc-link ez-toc-heading-2\" href=\"https:\/\/www.protranslate.net\/blog\/pl\/ilu-ludzi-uzywa-jezyka-niemieckiego-na-calym-swiecie\/#W_Ilu_Krajach_Mowi_Sie_Po_Niemiecku\" title=\"W \u0130lu Krajach M\u00f3wi Si\u0119 Po Niemiecku?\">W \u0130lu Krajach M\u00f3wi Si\u0119 Po Niemiecku?<\/a><\/li><li class='ez-toc-page-1 ez-toc-heading-level-2'><a class=\"ez-toc-link ez-toc-heading-3\" href=\"https:\/\/www.protranslate.net\/blog\/pl\/ilu-ludzi-uzywa-jezyka-niemieckiego-na-calym-swiecie\/#Przyszlosc_Jezyka_Niemieckiego\" title=\"Przysz\u0142o\u015b\u0107 J\u0119zyka Niemieckiego\">Przysz\u0142o\u015b\u0107 J\u0119zyka Niemieckiego<\/a><\/li><li class='ez-toc-page-1 ez-toc-heading-level-2'><a class=\"ez-toc-link ez-toc-heading-4\" href=\"https:\/\/www.protranslate.net\/blog\/pl\/ilu-ludzi-uzywa-jezyka-niemieckiego-na-calym-swiecie\/#Korzysci_Z_Nauki_Jezyka_Niemieckiego\" title=\"Korzy\u015bci Z Nauki J\u0119zyka Niemieckiego\">Korzy\u015bci Z Nauki J\u0119zyka Niemieckiego<\/a><\/li><li class='ez-toc-page-1 ez-toc-heading-level-2'><a class=\"ez-toc-link ez-toc-heading-5\" href=\"https:\/\/www.protranslate.net\/blog\/pl\/ilu-ludzi-uzywa-jezyka-niemieckiego-na-calym-swiecie\/#Interesujace_Fakty_O_Niemieckim\" title=\"Interesuj\u0105ce Fakty O Niemieckim\">Interesuj\u0105ce Fakty O Niemieckim<\/a><\/li><li class='ez-toc-page-1 ez-toc-heading-level-2'><a class=\"ez-toc-link ez-toc-heading-6\" href=\"https:\/\/www.protranslate.net\/blog\/pl\/ilu-ludzi-uzywa-jezyka-niemieckiego-na-calym-swiecie\/#Jak_Nauczyc_Sie_Jezyka_Niemieckiego\" title=\"Jak Nauczy\u0107 Si\u0119 J\u0119zyka Niemieckiego?\">Jak Nauczy\u0107 Si\u0119 J\u0119zyka Niemieckiego?<\/a><\/li><li class='ez-toc-page-1 ez-toc-heading-level-2'><a class=\"ez-toc-link ez-toc-heading-7\" href=\"https:\/\/www.protranslate.net\/blog\/pl\/ilu-ludzi-uzywa-jezyka-niemieckiego-na-calym-swiecie\/#Podsumowanie\" title=\"Podsumowanie\">Podsumowanie<\/a><\/li><\/ul><\/nav><\/div>\n<h2><span class=\"ez-toc-section\" id=\"W_Jakich_Krajach_Mowi_Sie_Po_Niemiecku\"><\/span>W Jakich Krajach M\u00f3wi Si\u0119 Po Niemiecku?<span class=\"ez-toc-section-end\"><\/span><\/h2>\n<p>Niemiecki jest jednym z najcz\u0119\u015bciej u\u017cywanych j\u0119zyk\u00f3w w Europie, a jego obecno\u015b\u0107 jest bardzo istotna w kilku krajach. J\u0119zyk niemiecki ma oko\u0142o 130 milion\u00f3w u\u017cytkownik\u00f3w na ca\u0142ym \u015bwiecie. Do kraj\u00f3w, w kt\u00f3rych niemiecki jest j\u0119zykiem urz\u0119dowym, nale\u017c\u0105 Niemcy, Austria, Szwajcaria, Liechtenstein, Belgia i Luksemburg. Jest tak\u017ce jednym z j\u0119zyk\u00f3w urz\u0119dowych Unii Europejskiej i jest u\u017cywany w wielu organizacjach mi\u0119dzynarodowych.<\/p>\n<h2><span class=\"ez-toc-section\" id=\"W_Ilu_Krajach_Mowi_Sie_Po_Niemiecku\"><\/span>W \u0130lu Krajach M\u00f3wi Si\u0119 Po Niemiecku?<span class=\"ez-toc-section-end\"><\/span><\/h2>\n<p>Niemiecki jest j\u0119zykiem urz\u0119dowym w sze\u015bciu krajach: Niemczech, Austrii, Szwajcarii, Liechtensteinie, Luksemburgu i Belgii. Ze wzgl\u0119du na migracje, spo\u0142eczno\u015bci niemieckoj\u0119zyczne istniej\u0105 r\u00f3wnie\u017c na ca\u0142ym \u015bwiecie, szczeg\u00f3lnie w Stanach Zjednoczonych, Kanadzie, Brazylii i Argentynie.<\/p>\n<p><strong>Niemcy<\/strong><\/p>\n<p>Niemiecki jest najcz\u0119\u015bciej u\u017cywanym j\u0119zykiem ojczystym w Europie \u2013 m\u00f3wi nim ponad 83 miliony os\u00f3b. Poza codziennym u\u017cyciem, niemiecki jest kluczowym j\u0119zykiem w t\u0142umaczeniach akademickich, szczeg\u00f3lnie w naukach \u015bcis\u0142ych, in\u017cynierii i filozofii.<\/p>\n<p><strong>Austria<\/strong><\/p>\n<p>Austria to kolejny kraj, w kt\u00f3rym niemiecki jest j\u0119zykiem urz\u0119dowym (populacja: 9 milion\u00f3w). Niemiecki austriacki ma swoje dialekty i s\u0142ownictwo, ale jest wzajemnie zrozumia\u0142y z niemieckim u\u017cywanym w Niemczech.<\/p>\n<p><strong>Szwajcaria<\/strong><\/p>\n<p>Szwajcaria to kraj wieloj\u0119zyczny, gdzie niemiecki jest jednym z czterech j\u0119zyk\u00f3w urz\u0119dowych. Oko\u0142o 62% populacji m\u00f3wi po niemiecku. Szwajcarskie dialekty niemieckiego, znane jako &#8220;Schwiizert\u00fc\u00fctsch&#8221;, znacznie r\u00f3\u017cni\u0105 si\u0119 od standardowego niemieckiego i s\u0105 u\u017cywane g\u0142\u00f3wnie w codziennych rozmowach.<\/p>\n<p><strong>Liechtenstein<\/strong><\/p>\n<p>Liechtenstein ma oko\u0142o 35 tysi\u0119cy os\u00f3b m\u00f3wi\u0105cych po niemiecku. Niemiecki jest j\u0119zykiem urz\u0119dowym, a jego dialekt jest podobny do u\u017cywanych w Szwajcarii i Austrii.<\/p>\n<p><strong>Luksemburg<\/strong><\/p>\n<p>W Luksemburgu niemiecki, francuski i luksemburski s\u0105 j\u0119zykami urz\u0119dowymi. Niemiecki jest szeroko stosowany w mediach i edukacji, a luksemburski, kt\u00f3ry jest dialektem niemieckim, jest j\u0119zykiem ojczystym dla wi\u0119kszo\u015bci mieszka\u0144c\u00f3w.<\/p>\n<p><strong>Belgia<\/strong><\/p>\n<p>We wschodniej Belgii znajduje si\u0119 ma\u0142a spo\u0142eczno\u015b\u0107 niemieckoj\u0119zyczna. Niemiecki jest jednym z trzech j\u0119zyk\u00f3w urz\u0119dowych Belgii, obok niderlandzkiego i francuskiego.<\/p>\n<p>Spo\u0142eczno\u015bci niemieckoj\u0119zyczne poza Europ\u0105<\/p>\n<p>Spo\u0142eczno\u015bci m\u00f3wi\u0105ce po niemiecku mo\u017cna znale\u017a\u0107 w Ameryce P\u00f3\u0142nocnej i Po\u0142udniowej, a tak\u017ce w Afryce. Spo\u0142eczno\u015bci te cz\u0119sto piel\u0119gnuj\u0105 swoje niemieckie korzenie i tradycje j\u0119zykowe.<\/p>\n<p><strong>Stany Zjednoczone<\/strong><\/p>\n<p>W Stanach Zjednoczonych niemiecki jest szeroko u\u017cywany, szczeg\u00f3lnie w stanach takich jak Pensylwania i Dakota P\u00f3\u0142nocna. Kultura niemiecko-ameryka\u0144ska jest obchodzona na wielu festiwalach i w szko\u0142ach.<\/p>\n<p><strong>Kanada<\/strong><\/p>\n<p>W Kanadzie, zw\u0142aszcza w Ontario i Kolumbii Brytyjskiej, istniej\u0105 spo\u0142eczno\u015bci niemieckoj\u0119zyczne. Instytucje kulturalne pomagaj\u0105 zachowa\u0107 j\u0119zyk i tradycje.<\/p>\n<p><strong>Brazylia<\/strong><\/p>\n<p>Oko\u0142o 80 tysi\u0119cy mieszka\u0144c\u00f3w po\u0142udniowego stanu Rio Grande do Sul m\u00f3wi po niemiecku. Spo\u0142eczno\u015bci te kontynuuj\u0105 swoje tradycje i praktyki kulturalne.<\/p>\n<p><strong>Argentyna<\/strong><\/p>\n<p>W Argentynie istniej\u0105 niemieckoj\u0119zyczne spo\u0142eczno\u015bci, szczeg\u00f3lnie w Buenos Aires i prowincjach Misiones oraz C\u00f3rdoba, kt\u00f3re piel\u0119gnuj\u0105 swoje niemieckie dziedzictwo.<\/p>\n<p>&nbsp;<\/p>\n\n            <style>\n                #mica_ecta_87.mica_ecta_layout{\n                    padding-top: 20px !important;\n                    padding-bottom: 20px !important;\n                    padding-left: 30px !important;\n                    padding-right: 30px !important;\n                    border-radius: 10px !important;\n                    background-color: #18c3fb !important;\n                    text-align: left !important;\n                }\n\n                #mica_ecta_87 .mica_ecta_title{\n                    font-size: 28px !important;\n                    font-weight: 700 !important;\n                    color: #ffffff !important;\n                    line-height: 1.3 !important;\n                    margin-top: 0 !important;\n                    margin-bottom: 0.5rem !important;\n                }\n\n                #mica_ecta_87 .mica_ecta_text{\n                    font-size: 16px !important;\n                    font-weight: 400 !important;\n                    color: #ffffff !important;\n                    line-height: 1.5 !important;\n                    margin-top: 0 !important;\n                    margin-bottom: 1rem !important;\n                }\n                \n                #mica_ecta_87 .mica_ecta_btn{\n                    font-size: 16px !important;\n                    font-weight: 700 !important;\n                    color: #1b1b1b !important;\n                    background-color: #f1f51b !important;\n                    padding-top: 8px !important;\n                    padding-bottom: 8px !important;\n                    padding-left: 16px !important;\n                    padding-right: 16px !important;\n                    border-radius: 6px !important;\n                    text-decoration: none !important;\n                    outline: none !important;\n                    transition: all 0.3s ease !important;\n                    margin-top: 5px !important;\n                    display: inline-block !important;\n                }\n                \n                #mica_ecta_87 .mica_ecta_btn:hover{\n                    color: #ffffff !important;\n                    background-color: #f45b69 !important;\n                }\n            <\/style>\n            <div id='mica_ecta_87' class='mica_ecta_layout'><h3 class='mica_ecta_title'>T\u0142umaczenie Po\u015bwiadczone Online<\/h3><p class='mica_ecta_text'>T\u0142umaczenia po\u015bwiadczone r\u00f3wnie\u017c mo\u017cna wykona\u0107 przez Internet. Nie wiedzieli\u015bcie? Dzi\u0119ki Protranslate.Net jednym klikni\u0119ciem skontaktujesz si\u0119 z t\u0142umaczem przysi\u0119g\u0142ym.<\/p><a href='https:\/\/www.protranslate.net\/pl\/order\/?certified=1' class='mica_ecta_btn' >Uzyskaj wycen\u0119<\/a><\/div>\n<p>&nbsp;<\/p>\n<h2><span class=\"ez-toc-section\" id=\"Przyszlosc_Jezyka_Niemieckiego\"><\/span>Przysz\u0142o\u015b\u0107 J\u0119zyka Niemieckiego<span class=\"ez-toc-section-end\"><\/span><\/h2>\n<p>J\u0119zyk Niemiecki, jako jeden z najwa\u017cniejszych j\u0119zyk\u00f3w w Europie i na \u015bwiecie, b\u0119dzie nadal zyskiwa\u0142 na znaczeniu, zw\u0142aszcza w obliczu rosn\u0105cej globalizacji i post\u0119puj\u0105cej digitalizacji. Dynamiczny rozw\u00f3j niemieckiej gospodarki, a tak\u017ce jej silna pozycja na arenie mi\u0119dzynarodowej, sprawiaj\u0105, \u017ce J\u0119zyka Niemieckiego u\u017cywa si\u0119 coraz cz\u0119\u015bciej w biznesie, nauce i technologii. Ponadto, niemiecki eksport kulturowy, obejmuj\u0105cy literatur\u0119, sztuk\u0119 i media, gwarantuje, \u017ce J\u0119zyka Niemieckiego nie tylko nie straci na znaczeniu, ale wr\u0119cz umocni swoj\u0105 globaln\u0105 rol\u0119 w najbli\u017cszych latach.<\/p>\n<h2><span class=\"ez-toc-section\" id=\"Korzysci_Z_Nauki_Jezyka_Niemieckiego\"><\/span>Korzy\u015bci Z Nauki J\u0119zyka Niemieckiego<span class=\"ez-toc-section-end\"><\/span><\/h2>\n<p>Nauka J\u0119zyka Niemieckiego otwiera przed Tob\u0105 wiele mo\u017cliwo\u015bci, takich jak rozw\u00f3j zawodowy, dost\u0119p do nowej literatury i kultury, a tak\u017ce \u0142atwiejsza komunikacja podczas podr\u00f3\u017cy do kraj\u00f3w niemieckoj\u0119zycznych. Zdob\u0119dziesz r\u00f3wnie\u017c umiej\u0119tno\u015bci, kt\u00f3re mog\u0105 okaza\u0107 si\u0119 przydatne w mi\u0119dzynarodowych relacjach biznesowych oraz edukacji.<\/p>\n<p>Kariera: Niemiecki jest kluczowy w bran\u017cach takich jak in\u017cynieria, IT i motoryzacja.<\/p>\n<p>Wzbogacenie kulturowe: Znajomo\u015b\u0107 niemieckiego pozwala na dost\u0119p do literatury, filozofii, muzyki i sztuki.<\/p>\n<p>Edukacja: Niemiecki otwiera drzwi do presti\u017cowych uniwersytet\u00f3w, kt\u00f3re oferuj\u0105 programy w tym j\u0119zyku.<\/p>\n<h2><span class=\"ez-toc-section\" id=\"Interesujace_Fakty_O_Niemieckim\"><\/span>Interesuj\u0105ce Fakty O Niemieckim<span class=\"ez-toc-section-end\"><\/span><\/h2>\n<p><strong>Najd\u0142u\u017csze s\u0142owo<\/strong>: Najd\u0142u\u017csze oficjalnie uznane s\u0142owo w niemieckim to &#8220;Rindfleischetikettierungs\u00fcberwachungsaufgaben\u00fcbertragungsgesetz.&#8221;<\/p>\n<p><strong>Dialekty<\/strong>: Niemiecki ma wiele dialekt\u00f3w, kt\u00f3re r\u00f3\u017cni\u0105 si\u0119 od standardowego niemieckiego.<\/p>\n<p><strong>Zapo\u017cyczenia<\/strong>: Wiele s\u0142\u00f3w w j\u0119zyku angielskim pochodzi z niemieckiego, np. &#8220;kindergarten&#8221; i &#8220;schadenfreude.&#8221;<\/p>\n<h2><span class=\"ez-toc-section\" id=\"Jak_Nauczyc_Sie_Jezyka_Niemieckiego\"><\/span>Jak Nauczy\u0107 Si\u0119 J\u0119zyka Niemieckiego?<span class=\"ez-toc-section-end\"><\/span><\/h2>\n<p>Kursy j\u0119zykowe online i w szko\u0142ach.<\/p>\n<p>Grupy wymiany j\u0119zykowej.<\/p>\n<p>Filmy, muzyka i ksi\u0105\u017cki w j\u0119zyku niemieckim.<\/p>\n<p>Podr\u00f3\u017ce do kraj\u00f3w niemieckoj\u0119zycznych.<\/p>\n<p>Wp\u0142yw Kulturowy J\u0119zyka Niemieckiego<\/p>\n<p>Niemiecki ma d\u0142ug\u0105 i bogat\u0105 tradycj\u0119 kulturow\u0105. J\u0119zyk niemiecki wp\u0142yn\u0105\u0142 na literatur\u0119, muzyk\u0119 i filozofi\u0119, pozostawiaj\u0105c niezatarte \u015blady w globalnej kulturze.<\/p>\n<h2><span class=\"ez-toc-section\" id=\"Podsumowanie\"><\/span>Podsumowanie<span class=\"ez-toc-section-end\"><\/span><\/h2>\n<p>Niemiecki jest jednym z najwa\u017cniejszych j\u0119zyk\u00f3w na \u015bwiecie, u\u017cywanym nie tylko w Niemczech, ale tak\u017ce w Austrii, Szwajcarii i innych regionach. Znajomo\u015b\u0107 niemieckiego otwiera wiele drzwi zar\u00f3wno w podr\u00f3\u017cach, jak i w karierze.<\/p>\n<p>&nbsp;<\/p>\n","protected":false},"excerpt":{"rendered":"<p>J\u0119zyk Niemiecki jest powszechnie u\u017cywany i pe\u0142ni funkcj\u0119 j\u0119zyka urz\u0119dowego w sze\u015bciu krajach europejskich: Niemczech, Austrii, Szwajcarii, Liechtensteinie, Luksemburgu i Belgii. Ponadto, ze wzgl\u0119du na historyczn\u0105 migracj\u0119, J\u0119zyka Niemieckiego u\u017cywa si\u0119 tak\u017ce poza Europ\u0105, szczeg\u00f3lnie w Stanach Zjednoczonych, Kanadzie i Ameryce Po\u0142udniowej. Z oko\u0142o 130 milionami u\u017cytkownik\u00f3w na ca\u0142ym \u015bwiecie, J\u0119zyka Niemieckiego u\u017cywa si\u0119 zar\u00f3wno [&hellip;]<\/p>\n","protected":false},"author":8,"featured_media":7302,"comment_status":"open","ping_status":"open","sticky":false,"template":"","format":"standard","meta":{"_et_pb_use_builder":"","_et_pb_old_content":"","_et_gb_content_width":"","footnotes":""},"categories":[172],"tags":[],"class_list":["post-7300","post","type-post","status-publish","format-standard","has-post-thumbnail","hentry","category-tlumaczenie-pl"],"yoast_head":"<!-- This site is optimized with the Yoast SEO plugin v22.3 - https:\/\/yoast.com\/wordpress\/plugins\/seo\/ -->\n<title>Ilu Ludzi U\u017cywa J\u0119zyka Niemieckiego Na Ca\u0142ym \u015awiecie? - Protranslate Blog<\/title>\n<meta name=\"description\" content=\"Dowiedz si\u0119, w jakich cz\u0119\u015bciach \u015bwiata u\u017cywa si\u0119 J\u0119zyka Niemieckiego i dlaczego jego znajomo\u015b\u0107 jest kluczowa dla rozwoju kariery oraz sukcesu\" \/>\n<meta name=\"robots\" content=\"index, follow, max-snippet:-1, max-image-preview:large, max-video-preview:-1\" \/>\n<link rel=\"canonical\" href=\"https:\/\/www.protranslate.net\/blog\/pl\/ilu-ludzi-uzywa-jezyka-niemieckiego-na-calym-swiecie\/\" \/>\n<meta property=\"og:locale\" content=\"en_US\" \/>\n<meta property=\"og:type\" content=\"article\" \/>\n<meta property=\"og:title\" content=\"Ilu Ludzi U\u017cywa J\u0119zyka Niemieckiego Na Ca\u0142ym \u015awiecie? - Protranslate Blog\" \/>\n<meta property=\"og:description\" content=\"Dowiedz si\u0119, w jakich cz\u0119\u015bciach \u015bwiata u\u017cywa si\u0119 J\u0119zyka Niemieckiego i dlaczego jego znajomo\u015b\u0107 jest kluczowa dla rozwoju kariery oraz sukcesu\" \/>\n<meta property=\"og:url\" content=\"https:\/\/www.protranslate.net\/blog\/pl\/ilu-ludzi-uzywa-jezyka-niemieckiego-na-calym-swiecie\/\" \/>\n<meta property=\"og:site_name\" content=\"Protranslate Blog\" \/>\n<meta property=\"article:published_time\" content=\"2024-09-30T10:15:52+00:00\" \/>\n<meta property=\"og:image\" content=\"https:\/\/www.protranslate.net\/blog\/wp-content\/uploads\/Jezyka-Niemieckiego.webp\" \/>\n\t<meta property=\"og:image:width\" content=\"1792\" \/>\n\t<meta property=\"og:image:height\" content=\"1024\" \/>\n\t<meta property=\"og:image:type\" content=\"image\/webp\" \/>\n<meta name=\"author\" content=\"Okan Yavuz\" \/>\n<meta name=\"twitter:card\" content=\"summary_large_image\" \/>\n<meta name=\"twitter:label1\" content=\"Written by\" \/>\n\t<meta name=\"twitter:data1\" content=\"Okan Yavuz\" \/>\n\t<meta name=\"twitter:label2\" content=\"Est. reading time\" \/>\n\t<meta name=\"twitter:data2\" content=\"4 minutes\" \/>\n<script type=\"application\/ld+json\" class=\"yoast-schema-graph\">{\"@context\":\"https:\/\/schema.org\",\"@graph\":[{\"@type\":\"WebPage\",\"@id\":\"https:\/\/www.protranslate.net\/blog\/pl\/ilu-ludzi-uzywa-jezyka-niemieckiego-na-calym-swiecie\/\",\"url\":\"https:\/\/www.protranslate.net\/blog\/pl\/ilu-ludzi-uzywa-jezyka-niemieckiego-na-calym-swiecie\/\",\"name\":\"Ilu Ludzi U\u017cywa J\u0119zyka Niemieckiego Na Ca\u0142ym \u015awiecie? - Protranslate Blog\",\"isPartOf\":{\"@id\":\"https:\/\/www.protranslate.net\/blog\/#website\"},\"primaryImageOfPage\":{\"@id\":\"https:\/\/www.protranslate.net\/blog\/pl\/ilu-ludzi-uzywa-jezyka-niemieckiego-na-calym-swiecie\/#primaryimage\"},\"image\":{\"@id\":\"https:\/\/www.protranslate.net\/blog\/pl\/ilu-ludzi-uzywa-jezyka-niemieckiego-na-calym-swiecie\/#primaryimage\"},\"thumbnailUrl\":\"https:\/\/www.protranslate.net\/blog\/wp-content\/uploads\/Jezyka-Niemieckiego.webp\",\"datePublished\":\"2024-09-30T10:15:52+00:00\",\"dateModified\":\"2024-09-30T10:15:52+00:00\",\"author\":{\"@id\":\"https:\/\/www.protranslate.net\/blog\/#\/schema\/person\/bd918eb1d889ca9b9ef7b0c684e96991\"},\"description\":\"Dowiedz si\u0119, w jakich cz\u0119\u015bciach \u015bwiata u\u017cywa si\u0119 J\u0119zyka Niemieckiego i dlaczego jego znajomo\u015b\u0107 jest kluczowa dla rozwoju kariery oraz sukcesu\",\"breadcrumb\":{\"@id\":\"https:\/\/www.protranslate.net\/blog\/pl\/ilu-ludzi-uzywa-jezyka-niemieckiego-na-calym-swiecie\/#breadcrumb\"},\"inLanguage\":\"en-US\",\"potentialAction\":[{\"@type\":\"ReadAction\",\"target\":[\"https:\/\/www.protranslate.net\/blog\/pl\/ilu-ludzi-uzywa-jezyka-niemieckiego-na-calym-swiecie\/\"]}]},{\"@type\":\"ImageObject\",\"inLanguage\":\"en-US\",\"@id\":\"https:\/\/www.protranslate.net\/blog\/pl\/ilu-ludzi-uzywa-jezyka-niemieckiego-na-calym-swiecie\/#primaryimage\",\"url\":\"https:\/\/www.protranslate.net\/blog\/wp-content\/uploads\/Jezyka-Niemieckiego.webp\",\"contentUrl\":\"https:\/\/www.protranslate.net\/blog\/wp-content\/uploads\/Jezyka-Niemieckiego.webp\",\"width\":1792,\"height\":1024,\"caption\":\"J\u0119zyka Niemieckiego\"},{\"@type\":\"BreadcrumbList\",\"@id\":\"https:\/\/www.protranslate.net\/blog\/pl\/ilu-ludzi-uzywa-jezyka-niemieckiego-na-calym-swiecie\/#breadcrumb\",\"itemListElement\":[{\"@type\":\"ListItem\",\"position\":1,\"name\":\"Home\",\"item\":\"https:\/\/www.protranslate.net\/blog\/tr\/\"},{\"@type\":\"ListItem\",\"position\":2,\"name\":\"Ilu Ludzi U\u017cywa J\u0119zyka Niemieckiego Na Ca\u0142ym \u015awiecie?\"}]},{\"@type\":\"WebSite\",\"@id\":\"https:\/\/www.protranslate.net\/blog\/#website\",\"url\":\"https:\/\/www.protranslate.net\/blog\/\",\"name\":\"Protranslate Blog\",\"description\":\"\",\"potentialAction\":[{\"@type\":\"SearchAction\",\"target\":{\"@type\":\"EntryPoint\",\"urlTemplate\":\"https:\/\/www.protranslate.net\/blog\/?s={search_term_string}\"},\"query-input\":\"required name=search_term_string\"}],\"inLanguage\":\"en-US\"},{\"@type\":\"Person\",\"@id\":\"https:\/\/www.protranslate.net\/blog\/#\/schema\/person\/bd918eb1d889ca9b9ef7b0c684e96991\",\"name\":\"Okan Yavuz\",\"image\":{\"@type\":\"ImageObject\",\"inLanguage\":\"en-US\",\"@id\":\"https:\/\/www.protranslate.net\/blog\/#\/schema\/person\/image\/\",\"url\":\"https:\/\/secure.gravatar.com\/avatar\/eb97a762ed38c9119483979bc4d8a25bffad1584eafddf7bfd405920da4f85ec?s=96&d=mm&r=g\",\"contentUrl\":\"https:\/\/secure.gravatar.com\/avatar\/eb97a762ed38c9119483979bc4d8a25bffad1584eafddf7bfd405920da4f85ec?s=96&d=mm&r=g\",\"caption\":\"Okan Yavuz\"},\"url\":\"https:\/\/www.protranslate.net\/blog\/author\/okan-yavuz\/\"}]}<\/script>\n<!-- \/ Yoast SEO plugin. -->","yoast_head_json":{"title":"Ilu Ludzi U\u017cywa J\u0119zyka Niemieckiego Na Ca\u0142ym \u015awiecie? - Protranslate Blog","description":"Dowiedz si\u0119, w jakich cz\u0119\u015bciach \u015bwiata u\u017cywa si\u0119 J\u0119zyka Niemieckiego i dlaczego jego znajomo\u015b\u0107 jest kluczowa dla rozwoju kariery oraz sukcesu","robots":{"index":"index","follow":"follow","max-snippet":"max-snippet:-1","max-image-preview":"max-image-preview:large","max-video-preview":"max-video-preview:-1"},"canonical":"https:\/\/www.protranslate.net\/blog\/pl\/ilu-ludzi-uzywa-jezyka-niemieckiego-na-calym-swiecie\/","og_locale":"en_US","og_type":"article","og_title":"Ilu Ludzi U\u017cywa J\u0119zyka Niemieckiego Na Ca\u0142ym \u015awiecie? - Protranslate Blog","og_description":"Dowiedz si\u0119, w jakich cz\u0119\u015bciach \u015bwiata u\u017cywa si\u0119 J\u0119zyka Niemieckiego i dlaczego jego znajomo\u015b\u0107 jest kluczowa dla rozwoju kariery oraz sukcesu","og_url":"https:\/\/www.protranslate.net\/blog\/pl\/ilu-ludzi-uzywa-jezyka-niemieckiego-na-calym-swiecie\/","og_site_name":"Protranslate Blog","article_published_time":"2024-09-30T10:15:52+00:00","og_image":[{"width":1792,"height":1024,"url":"https:\/\/www.protranslate.net\/blog\/wp-content\/uploads\/Jezyka-Niemieckiego.webp","type":"image\/webp"}],"author":"Okan Yavuz","twitter_card":"summary_large_image","twitter_misc":{"Written by":"Okan Yavuz","Est. reading time":"4 minutes"},"schema":{"@context":"https:\/\/schema.org","@graph":[{"@type":"WebPage","@id":"https:\/\/www.protranslate.net\/blog\/pl\/ilu-ludzi-uzywa-jezyka-niemieckiego-na-calym-swiecie\/","url":"https:\/\/www.protranslate.net\/blog\/pl\/ilu-ludzi-uzywa-jezyka-niemieckiego-na-calym-swiecie\/","name":"Ilu Ludzi U\u017cywa J\u0119zyka Niemieckiego Na Ca\u0142ym \u015awiecie? - Protranslate Blog","isPartOf":{"@id":"https:\/\/www.protranslate.net\/blog\/#website"},"primaryImageOfPage":{"@id":"https:\/\/www.protranslate.net\/blog\/pl\/ilu-ludzi-uzywa-jezyka-niemieckiego-na-calym-swiecie\/#primaryimage"},"image":{"@id":"https:\/\/www.protranslate.net\/blog\/pl\/ilu-ludzi-uzywa-jezyka-niemieckiego-na-calym-swiecie\/#primaryimage"},"thumbnailUrl":"https:\/\/www.protranslate.net\/blog\/wp-content\/uploads\/Jezyka-Niemieckiego.webp","datePublished":"2024-09-30T10:15:52+00:00","dateModified":"2024-09-30T10:15:52+00:00","author":{"@id":"https:\/\/www.protranslate.net\/blog\/#\/schema\/person\/bd918eb1d889ca9b9ef7b0c684e96991"},"description":"Dowiedz si\u0119, w jakich cz\u0119\u015bciach \u015bwiata u\u017cywa si\u0119 J\u0119zyka Niemieckiego i dlaczego jego znajomo\u015b\u0107 jest kluczowa dla rozwoju kariery oraz sukcesu","breadcrumb":{"@id":"https:\/\/www.protranslate.net\/blog\/pl\/ilu-ludzi-uzywa-jezyka-niemieckiego-na-calym-swiecie\/#breadcrumb"},"inLanguage":"en-US","potentialAction":[{"@type":"ReadAction","target":["https:\/\/www.protranslate.net\/blog\/pl\/ilu-ludzi-uzywa-jezyka-niemieckiego-na-calym-swiecie\/"]}]},{"@type":"ImageObject","inLanguage":"en-US","@id":"https:\/\/www.protranslate.net\/blog\/pl\/ilu-ludzi-uzywa-jezyka-niemieckiego-na-calym-swiecie\/#primaryimage","url":"https:\/\/www.protranslate.net\/blog\/wp-content\/uploads\/Jezyka-Niemieckiego.webp","contentUrl":"https:\/\/www.protranslate.net\/blog\/wp-content\/uploads\/Jezyka-Niemieckiego.webp","width":1792,"height":1024,"caption":"J\u0119zyka Niemieckiego"},{"@type":"BreadcrumbList","@id":"https:\/\/www.protranslate.net\/blog\/pl\/ilu-ludzi-uzywa-jezyka-niemieckiego-na-calym-swiecie\/#breadcrumb","itemListElement":[{"@type":"ListItem","position":1,"name":"Home","item":"https:\/\/www.protranslate.net\/blog\/tr\/"},{"@type":"ListItem","position":2,"name":"Ilu Ludzi U\u017cywa J\u0119zyka Niemieckiego Na Ca\u0142ym \u015awiecie?"}]},{"@type":"WebSite","@id":"https:\/\/www.protranslate.net\/blog\/#website","url":"https:\/\/www.protranslate.net\/blog\/","name":"Protranslate Blog","description":"","potentialAction":[{"@type":"SearchAction","target":{"@type":"EntryPoint","urlTemplate":"https:\/\/www.protranslate.net\/blog\/?s={search_term_string}"},"query-input":"required name=search_term_string"}],"inLanguage":"en-US"},{"@type":"Person","@id":"https:\/\/www.protranslate.net\/blog\/#\/schema\/person\/bd918eb1d889ca9b9ef7b0c684e96991","name":"Okan Yavuz","image":{"@type":"ImageObject","inLanguage":"en-US","@id":"https:\/\/www.protranslate.net\/blog\/#\/schema\/person\/image\/","url":"https:\/\/secure.gravatar.com\/avatar\/eb97a762ed38c9119483979bc4d8a25bffad1584eafddf7bfd405920da4f85ec?s=96&d=mm&r=g","contentUrl":"https:\/\/secure.gravatar.com\/avatar\/eb97a762ed38c9119483979bc4d8a25bffad1584eafddf7bfd405920da4f85ec?s=96&d=mm&r=g","caption":"Okan Yavuz"},"url":"https:\/\/www.protranslate.net\/blog\/author\/okan-yavuz\/"}]}},"_links":{"self":[{"href":"https:\/\/www.protranslate.net\/blog\/wp-json\/wp\/v2\/posts\/7300","targetHints":{"allow":["GET"]}}],"collection":[{"href":"https:\/\/www.protranslate.net\/blog\/wp-json\/wp\/v2\/posts"}],"about":[{"href":"https:\/\/www.protranslate.net\/blog\/wp-json\/wp\/v2\/types\/post"}],"author":[{"embeddable":true,"href":"https:\/\/www.protranslate.net\/blog\/wp-json\/wp\/v2\/users\/8"}],"replies":[{"embeddable":true,"href":"https:\/\/www.protranslate.net\/blog\/wp-json\/wp\/v2\/comments?post=7300"}],"version-history":[{"count":2,"href":"https:\/\/www.protranslate.net\/blog\/wp-json\/wp\/v2\/posts\/7300\/revisions"}],"predecessor-version":[{"id":7303,"href":"https:\/\/www.protranslate.net\/blog\/wp-json\/wp\/v2\/posts\/7300\/revisions\/7303"}],"wp:featuredmedia":[{"embeddable":true,"href":"https:\/\/www.protranslate.net\/blog\/wp-json\/wp\/v2\/media\/7302"}],"wp:attachment":[{"href":"https:\/\/www.protranslate.net\/blog\/wp-json\/wp\/v2\/media?parent=7300"}],"wp:term":[{"taxonomy":"category","embeddable":true,"href":"https:\/\/www.protranslate.net\/blog\/wp-json\/wp\/v2\/categories?post=7300"},{"taxonomy":"post_tag","embeddable":true,"href":"https:\/\/www.protranslate.net\/blog\/wp-json\/wp\/v2\/tags?post=7300"}],"curies":[{"name":"wp","href":"https:\/\/api.w.org\/{rel}","templated":true}]}}