{"id":5009,"date":"2024-05-13T17:45:01","date_gmt":"2024-05-13T14:45:01","guid":{"rendered":"https:\/\/www.protranslate.net\/blog\/?p=5009"},"modified":"2024-09-21T10:58:55","modified_gmt":"2024-09-21T07:58:55","slug":"dunyada-almanca-konusulan-ulkeler","status":"publish","type":"post","link":"https:\/\/www.protranslate.net\/blog\/tr\/dunyada-almanca-konusulan-ulkeler\/","title":{"rendered":"Hangi \u00dclkelerde Almanca Konu\u015fuluyor?"},"content":{"rendered":"<p>Hint &#8211; Avrupa dil ailesi grubunda yer alan Almanca; Avrupa&#8217;da en \u00e7ok konu\u015fulan ana dil ve d\u00fcnya genelinde 130 milyondan fazla insan taraf\u0131ndan konu\u015fulan bir lisand\u0131r. Alman k\u00fclt\u00fcr\u00fc sadece Almanya i\u00e7inde de\u011fil Avrupa ve d\u00fcnyada da bask\u0131n k\u00fclt\u00fcrlerdendir. K\u00f6kl\u00fc bir tarihe ve etkile\u015fime sahip olan bu dil, sadece Almanya\u2019da kullan\u0131lm\u0131yor.\u00a0\u00d6zellikle resmi dili Almanca olan \u00fclkelere yap\u0131lacak ba\u015fvurular\u0131n\u0131zda <a href=\"https:\/\/www.protranslate.net\/tr\/almanca-ceviri-hizmeti\/\">Almanca terc\u00fcme<\/a> hizmetinden faydalanman\u0131z gerekebilir. Bu yaz\u0131da Almanca konu\u015fulan \u00fclkeler hakk\u0131nda bilgiler payla\u015f\u0131yor olaca\u011f\u0131z.<\/p>\n<div id=\"ez-toc-container\" class=\"ez-toc-v2_0_63 counter-hierarchy ez-toc-counter ez-toc-grey ez-toc-container-direction\">\n<div class=\"ez-toc-title-container\">\n<p class=\"ez-toc-title \" >Table of Contents<\/p>\n<span class=\"ez-toc-title-toggle\"><a href=\"#\" class=\"ez-toc-pull-right ez-toc-btn ez-toc-btn-xs ez-toc-btn-default ez-toc-toggle\" aria-label=\"Toggle Table of Content\"><span class=\"ez-toc-js-icon-con\"><span class=\"\"><span class=\"eztoc-hide\" style=\"display:none;\">Toggle<\/span><span class=\"ez-toc-icon-toggle-span\"><svg style=\"fill: #999;color:#999\" xmlns=\"http:\/\/www.w3.org\/2000\/svg\" class=\"list-377408\" width=\"20px\" height=\"20px\" viewBox=\"0 0 24 24\" fill=\"none\"><path d=\"M6 6H4v2h2V6zm14 0H8v2h12V6zM4 11h2v2H4v-2zm16 0H8v2h12v-2zM4 16h2v2H4v-2zm16 0H8v2h12v-2z\" fill=\"currentColor\"><\/path><\/svg><svg style=\"fill: #999;color:#999\" class=\"arrow-unsorted-368013\" xmlns=\"http:\/\/www.w3.org\/2000\/svg\" width=\"10px\" height=\"10px\" viewBox=\"0 0 24 24\" version=\"1.2\" baseProfile=\"tiny\"><path d=\"M18.2 9.3l-6.2-6.3-6.2 6.3c-.2.2-.3.4-.3.7s.1.5.3.7c.2.2.4.3.7.3h11c.3 0 .5-.1.7-.3.2-.2.3-.5.3-.7s-.1-.5-.3-.7zM5.8 14.7l6.2 6.3 6.2-6.3c.2-.2.3-.5.3-.7s-.1-.5-.3-.7c-.2-.2-.4-.3-.7-.3h-11c-.3 0-.5.1-.7.3-.2.2-.3.5-.3.7s.1.5.3.7z\"\/><\/svg><\/span><\/span><\/span><\/a><\/span><\/div>\n<nav><ul class='ez-toc-list ez-toc-list-level-1 ' ><li class='ez-toc-page-1 ez-toc-heading-level-2'><a class=\"ez-toc-link ez-toc-heading-1\" href=\"https:\/\/www.protranslate.net\/blog\/tr\/dunyada-almanca-konusulan-ulkeler\/#Resmi_Dili_Almanca_Olan_Ulkeler\" title=\"Resmi Dili Almanca Olan \u00dclkeler\">Resmi Dili Almanca Olan \u00dclkeler<\/a><\/li><li class='ez-toc-page-1 ez-toc-heading-level-2'><a class=\"ez-toc-link ez-toc-heading-2\" href=\"https:\/\/www.protranslate.net\/blog\/tr\/dunyada-almanca-konusulan-ulkeler\/#Avrupa_Disinda_Almanca_Konusan_Ulkeler_Hangileridir\" title=\"Avrupa D\u0131\u015f\u0131nda Almanca Konu\u015fan \u00dclkeler Hangileridir?\">Avrupa D\u0131\u015f\u0131nda Almanca Konu\u015fan \u00dclkeler Hangileridir?<\/a><\/li><li class='ez-toc-page-1 ez-toc-heading-level-2'><a class=\"ez-toc-link ez-toc-heading-3\" href=\"https:\/\/www.protranslate.net\/blog\/tr\/dunyada-almanca-konusulan-ulkeler\/#Dunyada_Almanca_Konusulan_Ulkelerin_Nufus_Dagilimi\" title=\"D\u00fcnyada Almanca Konu\u015fulan \u00dclkelerin N\u00fcfus Da\u011f\u0131l\u0131m\u0131\">D\u00fcnyada Almanca Konu\u015fulan \u00dclkelerin N\u00fcfus Da\u011f\u0131l\u0131m\u0131<\/a><\/li><li class='ez-toc-page-1 ez-toc-heading-level-2'><a class=\"ez-toc-link ez-toc-heading-4\" href=\"https:\/\/www.protranslate.net\/blog\/tr\/dunyada-almanca-konusulan-ulkeler\/#Almancanin_Etkilesim_Halinde_Oldugu_Diller\" title=\"Almancan\u0131n Etkile\u015fim H\u00e2linde Oldu\u011fu Diller\">Almancan\u0131n Etkile\u015fim H\u00e2linde Oldu\u011fu Diller<\/a><\/li><li class='ez-toc-page-1 ez-toc-heading-level-2'><a class=\"ez-toc-link ez-toc-heading-5\" href=\"https:\/\/www.protranslate.net\/blog\/tr\/dunyada-almanca-konusulan-ulkeler\/#Almancanin_En_Sik_Kullanim_Alanlari\" title=\"Almancan\u0131n En S\u0131k Kullan\u0131m Alanlar\u0131\">Almancan\u0131n En S\u0131k Kullan\u0131m Alanlar\u0131<\/a><\/li><li class='ez-toc-page-1 ez-toc-heading-level-2'><a class=\"ez-toc-link ez-toc-heading-6\" href=\"https:\/\/www.protranslate.net\/blog\/tr\/dunyada-almanca-konusulan-ulkeler\/#Almancanin_Gelecegi\" title=\"Almancan\u0131n Gelece\u011fi\">Almancan\u0131n Gelece\u011fi<\/a><\/li><li class='ez-toc-page-1 ez-toc-heading-level-2'><a class=\"ez-toc-link ez-toc-heading-7\" href=\"https:\/\/www.protranslate.net\/blog\/tr\/dunyada-almanca-konusulan-ulkeler\/#Bireyler_Icin_Almanca_Ogrenmenin_Faydalari_Nelerdir\" title=\"Bireyler \u0130\u00e7in Almanca \u00d6\u011frenmenin Faydalar\u0131 Nelerdir?\">Bireyler \u0130\u00e7in Almanca \u00d6\u011frenmenin Faydalar\u0131 Nelerdir?<\/a><\/li><li class='ez-toc-page-1 ez-toc-heading-level-2'><a class=\"ez-toc-link ez-toc-heading-8\" href=\"https:\/\/www.protranslate.net\/blog\/tr\/dunyada-almanca-konusulan-ulkeler\/#Sirketler_Icin_Almanca_Neden_Onemlidir\" title=\"\u015eirketler \u0130\u00e7in Almanca Neden \u00d6nemlidir?\">\u015eirketler \u0130\u00e7in Almanca Neden \u00d6nemlidir?<\/a><\/li><li class='ez-toc-page-1 ez-toc-heading-level-2'><a class=\"ez-toc-link ez-toc-heading-9\" href=\"https:\/\/www.protranslate.net\/blog\/tr\/dunyada-almanca-konusulan-ulkeler\/#Almanca_Hakkinda_Ilginc_Bilgiler\" title=\"Almanca Hakk\u0131nda \u0130lgin\u00e7 Bilgiler\">Almanca Hakk\u0131nda \u0130lgin\u00e7 Bilgiler<\/a><\/li><li class='ez-toc-page-1 ez-toc-heading-level-2'><a class=\"ez-toc-link ez-toc-heading-10\" href=\"https:\/\/www.protranslate.net\/blog\/tr\/dunyada-almanca-konusulan-ulkeler\/#_Almanca_Nasil_Ogrenilir\" title=\"\u00a0Almanca Nas\u0131l \u00d6\u011frenilir?\">\u00a0Almanca Nas\u0131l \u00d6\u011frenilir?<\/a><\/li><\/ul><\/nav><\/div>\n<h2><span class=\"ez-toc-section\" id=\"Resmi_Dili_Almanca_Olan_Ulkeler\"><\/span>Resmi Dili Almanca Olan \u00dclkeler<span class=\"ez-toc-section-end\"><\/span><\/h2>\n<p>Almanca, Avrupa&#8217;da 6 farkl\u0131 \u00fclkenin resmi dilidir:<\/p>\n<ul>\n<li>Almanya: Almancan\u0131n anavatan\u0131 olan Almanya, 83 milyonluk n\u00fcfusuyla Almanca konu\u015fan en b\u00fcy\u00fck \u00fclkedir.<\/li>\n<li>Avusturya: Yakla\u015f\u0131k 9 milyon n\u00fcfusu ile Almancay\u0131 resmi dil olarak kabul eden bir di\u011fer Avrupa \u00fclkesi Avusturya&#8217;d\u0131r.<\/li>\n<li>Lihten\u015ftayn: Co\u011frafi olarak k\u00fc\u00e7\u00fck bir Avrupa \u00fclkesi olan Lihten\u015ftayn&#8217;da ise 40.000\u2019e yak\u0131n ki\u015fi Almanca konu\u015fmaktad\u0131r.<\/li>\n<li>L\u00fcksemburg: Avrupa\u2019da Almanca konu\u015fulan \u00fclkeler aras\u0131ndaki L\u00fcksemburg&#8217;da 500.000&#8217;den fazla ki\u015fi Almanca konu\u015fmaktad\u0131r ve bu dil, \u00fclkenin 3 farkl\u0131 resmi dilinden biridir.<\/li>\n<li>\u0130svi\u00e7re: \u0130svi\u00e7re&#8217;nin 4 resmi dilinden biri olan Almanca, 5 milyonu a\u015fk\u0131n ki\u015fi taraf\u0131ndan konu\u015fulmaktad\u0131r.<\/li>\n<li>Bel\u00e7ika: Bel\u00e7ika&#8217;n\u0131n do\u011fu kantonlar\u0131nda ya\u015fayan Almanca konu\u015fan insan say\u0131s\u0131 yakla\u015f\u0131k 100.000 ki\u015fidir ve \u00fclkenin 3. resmi dili olmas\u0131 nedeniyle d\u00fcnyada Almanca konu\u015fulan \u00fclkeler aras\u0131ndad\u0131r.<\/li>\n<\/ul>\n<p>Bunlar\u0131n d\u0131\u015f\u0131nda, Almanca Avrupa&#8217;da farkl\u0131 az\u0131nl\u0131k gruplar\u0131 taraf\u0131ndan da konu\u015fulmaktad\u0131r. \u0130talya&#8217;n\u0131n kuzeyinde Avusturya s\u0131n\u0131r\u0131ndaki G\u00fcney Tirol b\u00f6lgesinde 300.000&#8217;den fazla ki\u015fi Almanca konu\u015fmaktad\u0131r. Polonya, Rusya, Romanya, \u00c7ekya, Danimarka ve Fransa&#8217;da da az say\u0131da da olsa d\u00fcnyada Almanca konu\u015fulan \u00fclkeler d\u0131\u015f\u0131nda topluluklar da bulunmaktad\u0131r.<\/p>\n<h2><span class=\"ez-toc-section\" id=\"Avrupa_Disinda_Almanca_Konusan_Ulkeler_Hangileridir\"><\/span>Avrupa D\u0131\u015f\u0131nda Almanca Konu\u015fan \u00dclkeler Hangileridir?<span class=\"ez-toc-section-end\"><\/span><\/h2>\n<p>Almanca; Amerika k\u0131tas\u0131 ve Afrika\u2019ya g\u00f6\u00e7 eden Almanlar\u0131n yan\u0131 s\u0131ra 19. Ve 20. Y\u00fczy\u0131lda Almanya\u2019n\u0131n ticari ve k\u00fclt\u00fcrel faaliyetleri ile de yay\u0131lm\u0131\u015ft\u0131r. \u00d6nemli bir az\u0131nl\u0131k dili olarak Almancan\u0131n varl\u0131\u011f\u0131 bulunan di\u011fer \u00fclkeler \u015funlard\u0131r;<\/p>\n<ul>\n<li>Amerika Birle\u015fik Devletleri (yakla\u015f\u0131k 2 milyon ki\u015fi)<\/li>\n<li>Kanada (yakla\u015f\u0131k 1,2 milyon ki\u015fi)<\/li>\n<li>Brezilya (yakla\u015f\u0131k 1 milyon ki\u015fi)<\/li>\n<li>Namibya (yakla\u015f\u0131k 200.000 ki\u015fi)<\/li>\n<li>Paraguay (yakla\u015f\u0131k 150.000 ki\u015fi)<\/li>\n<li>Kazakistan (yakla\u015f\u0131k 700.000 ki\u015fi)<\/li>\n<li>Rusya (yakla\u015f\u0131k 800.000 ki\u015fi)<\/li>\n<\/ul>\n<h2><span class=\"ez-toc-section\" id=\"Dunyada_Almanca_Konusulan_Ulkelerin_Nufus_Dagilimi\"><\/span>D\u00fcnyada Almanca Konu\u015fulan \u00dclkelerin N\u00fcfus Da\u011f\u0131l\u0131m\u0131<span class=\"ez-toc-section-end\"><\/span><\/h2>\n<p>Almanca konu\u015fan ki\u015filerin b\u00fcy\u00fck \u00e7o\u011funlu\u011fu Avrupa&#8217;da yer almaktad\u0131r. 2024 y\u0131l\u0131 itibar\u0131yla, bu say\u0131 d\u00fcnya n\u00fcfusunun %1.6&#8217;s\u0131na denk gelmektedir. Avrupa d\u0131\u015f\u0131ndaki en b\u00fcy\u00fck Almanca konu\u015fan topluluklar ise Amerika Birle\u015fik Devletleri, Kanada ve Brezilya&#8217;dad\u0131r.<\/p>\n<p>&nbsp;<\/p>\n<table class=\"table table-striped\">\n<tbody id=\"the-list\">\n<tr>\n<td class=\"py-2 px-4\">\n            <style>\n                #mica_ecta_24.mica_ecta_layout{\n                    padding-top: 20px !important;\n                    padding-bottom: 20px !important;\n                    padding-left: 30px !important;\n                    padding-right: 30px !important;\n                    border-radius: 10px !important;\n                    background-color: #06a3d7 !important;\n                    text-align: left !important;\n                }\n\n                #mica_ecta_24 .mica_ecta_title{\n                    font-size: 28px !important;\n                    font-weight: 700 !important;\n                    color: #ffffff !important;\n                    line-height: 1.3 !important;\n                    margin-top: 0 !important;\n                    margin-bottom: 0.5rem !important;\n                }\n\n                #mica_ecta_24 .mica_ecta_text{\n                    font-size: 16px !important;\n                    font-weight: 400 !important;\n                    color: #ffffff !important;\n                    line-height: 1.5 !important;\n                    margin-top: 0 !important;\n                    margin-bottom: 1rem !important;\n                }\n                \n                #mica_ecta_24 .mica_ecta_btn{\n                    font-size: 16px !important;\n                    font-weight: 700 !important;\n                    color: #1b1b1b !important;\n                    background-color: #f1f51b !important;\n                    padding-top: 8px !important;\n                    padding-bottom: 8px !important;\n                    padding-left: 16px !important;\n                    padding-right: 16px !important;\n                    border-radius: 6px !important;\n                    text-decoration: none !important;\n                    outline: none !important;\n                    transition: all 0.3s ease !important;\n                    margin-top: 5px !important;\n                    display: inline-block !important;\n                }\n                \n                #mica_ecta_24 .mica_ecta_btn:hover{\n                    color: #ffffff !important;\n                    background-color: #f45b69 !important;\n                }\n            <\/style>\n            <div id='mica_ecta_24' class='mica_ecta_layout'><h3 class='mica_ecta_title'>Almanca Terc\u00fcme ve Lokalizasyon Hizmeti<\/h3><p class='mica_ecta_text'>Almanca dilindeki Terc\u00fcme ve Lokalizasyon hizmeti ihtiya\u00e7lar\u0131n\u0131z i\u00e7in Protranslate\u2019in uzman terc\u00fcman kadrosundan destek al\u0131n!<\/p><a href='https:\/\/www.protranslate.net\/tr\/web-site-cevirisi\/' class='mica_ecta_btn' >Fiyat Al<\/a><\/div><\/td>\n<\/tr>\n<\/tbody>\n<\/table>\n<h2><\/h2>\n<h2><span class=\"ez-toc-section\" id=\"Almancanin_Etkilesim_Halinde_Oldugu_Diller\"><\/span>Almancan\u0131n Etkile\u015fim H\u00e2linde Oldu\u011fu Diller<span class=\"ez-toc-section-end\"><\/span><\/h2>\n<p><a href=\"https:\/\/tr.wikipedia.org\/wiki\/Almanya\">Almanya n\u00fcfusu<\/a> en kalabal\u0131k Avrupa \u00fclkesi olmas\u0131n\u0131n yan\u0131 s\u0131ra ge\u00e7mi\u015fte ve bug\u00fcnk\u00fc ekonomik &amp; be\u015fer\u00ee faaliyetlerde de \u00f6ne \u00e7\u0131kmas\u0131yla bu dil Avrupa&#8217;n\u0131n en \u00f6nemli dillerinden biri h\u00e2line gelmi\u015ftir. Bu sebeple bir\u00e7ok dil ve toplumla do\u011frudan etkile\u015fim h\u00e2lindedir. Ayr\u0131ca etimolojik olarak \u0130ngilizce, Frans\u0131zca ve \u0130talyanca ile yak\u0131n bir akrabal\u0131\u011fa sahiptir. Bu dillerle olan etkile\u015fim, Almancan\u0131n zengin kelime hazinesine ve gramer yap\u0131s\u0131na \u00f6nemli katk\u0131larda bulunmu\u015ftur.<\/p>\n<p>Almanca, yay\u0131ld\u0131\u011f\u0131 geni\u015f co\u011frafya sayesinde Slav dilleri (Leh\u00e7e, \u00c7ek\u00e7e, Slovak\u00e7a), Balt\u0131k dilleri (Litvanca, Danca), \u0130skandinav Dilleri (Danca, Norve\u00e7\u00e7e, \u0130sve\u00e7\u00e7e) ve Roman dilleri (Rumence, Frans\u0131zca, \u0130talyanca) ile de kimi ortak kelimelere sahiptir.<\/p>\n<h2><span class=\"ez-toc-section\" id=\"Almancanin_En_Sik_Kullanim_Alanlari\"><\/span>Almancan\u0131n En S\u0131k Kullan\u0131m Alanlar\u0131<span class=\"ez-toc-section-end\"><\/span><\/h2>\n<p>D\u00fcnya genelinde bir\u00e7ok farkl\u0131 bran\u015fta Almanca yayg\u0131n olarak kullan\u0131lan bir dildir. En \u00f6nemli kullan\u0131m alanlar\u0131 ise \u015fu \u015fekilde s\u0131ralanabilir:<\/p>\n<ul>\n<li>E\u011fitim:\u00a0Avrupa&#8217;da en \u00e7ok \u00f6\u011fretilen yabanc\u0131 dillerden biridir. Almanya, Avusturya ve \u0130svi\u00e7re&#8217;de e\u011fitim dili olarak kullan\u0131lmaktad\u0131r. Ayn\u0131 zamanda ba\u015fta m\u00fchendislik ve t\u0131bbi bilimler olmak \u00fczere bir\u00e7ok bilimsel makale de bu dilde yay\u0131nlanmaktad\u0131r.<\/li>\n<li>\u0130\u015f D\u00fcnyas\u0131:\u00a0Avrupa&#8217;da i\u015f d\u00fcnyas\u0131nda \u00f6nemli bir dildir. \u00d6zellikle Almanya\u2019n\u0131n geli\u015fmi\u015f sanayisi ve Avrupa\u2019n\u0131n \u00f6nemli limanlar\u0131ndan olmas\u0131 sebebiyle i\u015f d\u00fcnyas\u0131nda yayg\u0131n olarak kullan\u0131l\u0131r.<\/li>\n<li>Bilim ve Teknoloji: Almanca, bilim ve teknoloji alan\u0131nda da \u00f6nemli bir dildir. Bir\u00e7ok bilimsel makale, teknik dok\u00fcmanlar ve ara\u015ft\u0131rmalar Alman dili kullan\u0131larak yaz\u0131l\u0131r.<\/li>\n<li>Turizm: Almanya, Avrupa&#8217;n\u0131n en \u00e7ok turist \u00e7eken \u00fclkelerinin olmas\u0131n\u0131n yan\u0131 s\u0131ra en \u00e7ok turist g\u00f6nderen \u00fclkelerinden de biridir. Bu sebeple Almanca turizm sekt\u00f6r\u00fcnde \u0130ngilizceden sonra kullan\u0131lan en yayg\u0131n dildir.<\/li>\n<\/ul>\n<h2><span class=\"ez-toc-section\" id=\"Almancanin_Gelecegi\"><\/span>Almancan\u0131n Gelece\u011fi<span class=\"ez-toc-section-end\"><\/span><\/h2>\n<p>Almanca, d\u00fcnyan\u0131n en s\u0131k kullan\u0131lan dillerinden biridir. Zengin bir tarihe ve k\u00fclt\u00fcre sahip olan bu dilin d\u00fcnya ile etkile\u015fimi ge\u00e7en her g\u00fcn artmaktad\u0131r. Bu y\u00fczden di\u011fer dillerden <a href=\"https:\/\/www.protranslate.net\/tr\/almanca-ceviri-hizmeti\/\">Almanca terc\u00fcme<\/a> hizmetleri de s\u00fcrekli geli\u015fim g\u00f6stermektedir.<\/p>\n<p>Almanca konu\u015fulan \u00fclkeler, \u00f6zellikle Almanya&#8217;n\u0131n Avrupa Birli\u011fi&#8217;nde ve d\u00fcnya ekonomisinde en \u00fcst s\u0131ralarda yer almas\u0131 sayesinde, Avrupa&#8217;da ve d\u00fcnyada \u00f6nemini korumaya devam etmektedir. Bu \u00fclkelerdeki geli\u015fmi\u015flik d\u00fczeyi ve i\u015f olanaklar\u0131n\u0131n fazlal\u0131\u011f\u0131, Almanca konu\u015fulan b\u00f6lgeleri d\u00fcnya genelindeki g\u00f6\u00e7menler i\u00e7in cazip f\u0131rsatlar sunan yerler haline getirmektedir.<\/p>\n<h2><span class=\"ez-toc-section\" id=\"Bireyler_Icin_Almanca_Ogrenmenin_Faydalari_Nelerdir\"><\/span>Bireyler \u0130\u00e7in Almanca \u00d6\u011frenmenin Faydalar\u0131 Nelerdir?<span class=\"ez-toc-section-end\"><\/span><\/h2>\n<ul>\n<li>Avrupa&#8217;da ve d\u00fcnyada bir\u00e7ok farkl\u0131 \u00fclkede i\u015f bulma imk\u00e2n\u0131<\/li>\n<li>Almanca konu\u015fan \u00fclkeler ile ticaret yaparken dil bariyerinin a\u015f\u0131lmas\u0131<\/li>\n<li>Almanya, Avusturya ve \u0130svi\u00e7re&#8217;de e\u011fitim, ikamet imk\u00e2n\u0131<\/li>\n<li>Zengin bir tarihe ve k\u00f6kl\u00fc bir k\u00fclt\u00fcre sahip olan Almanya&#8217;y\u0131 ve di\u011fer Almanca konu\u015fulan \u00fclkeleri daha iyi anlama imk\u00e2n\u0131<\/li>\n<li>Bilim, teknoloji ve k\u00fclt\u00fcr alanlar\u0131ndaki geli\u015fmeleri takip etme olana\u011f\u0131<\/li>\n<\/ul>\n<p>&nbsp;<\/p>\n\n            <style>\n                #mica_ecta_15.mica_ecta_layout{\n                    padding-top: 20px !important;\n                    padding-bottom: 20px !important;\n                    padding-left: 30px !important;\n                    padding-right: 30px !important;\n                    border-radius: 10px !important;\n                    background-color: #00a3d7 !important;\n                    text-align: left !important;\n                }\n\n                #mica_ecta_15 .mica_ecta_title{\n                    font-size: 28px !important;\n                    font-weight: 700 !important;\n                    color: #ffffff !important;\n                    line-height: 1.3 !important;\n                    margin-top: 0 !important;\n                    margin-bottom: 0.5rem !important;\n                }\n\n                #mica_ecta_15 .mica_ecta_text{\n                    font-size: 16px !important;\n                    font-weight: 400 !important;\n                    color: #ffffff !important;\n                    line-height: 1.5 !important;\n                    margin-top: 0 !important;\n                    margin-bottom: 1rem !important;\n                }\n                \n                #mica_ecta_15 .mica_ecta_btn{\n                    font-size: 16px !important;\n                    font-weight: 700 !important;\n                    color: #1b1b1b !important;\n                    background-color: #f1f51b !important;\n                    padding-top: 8px !important;\n                    padding-bottom: 8px !important;\n                    padding-left: 16px !important;\n                    padding-right: 16px !important;\n                    border-radius: 6px !important;\n                    text-decoration: none !important;\n                    outline: none !important;\n                    transition: all 0.3s ease !important;\n                    margin-top: 5px !important;\n                    display: inline-block !important;\n                }\n                \n                #mica_ecta_15 .mica_ecta_btn:hover{\n                    color: #ffffff !important;\n                    background-color: #f45b69 !important;\n                }\n            <\/style>\n            <div id='mica_ecta_15' class='mica_ecta_layout'><h3 class='mica_ecta_title'>Yeminli Terc\u00fcme Hizmetleri<\/h3><p class='mica_ecta_text'>Belgenizin 120\u2019den fazla dilde profesyonel bir terc\u00fcman taraf\u0131ndan 24 saat teslimatla yeminli terc\u00fcme edilmesini ve onaylanmas\u0131n\u0131 sa\u011flay\u0131n.<\/p><a href='https:\/\/www.protranslate.net\/tr\/siparis\/?certified=1' class='mica_ecta_btn' target=&#039;_blank&#039;>Hemen Teklif Al\u0131n<\/a><\/div>\n<p>&nbsp;<\/p>\n<h2><span class=\"ez-toc-section\" id=\"Sirketler_Icin_Almanca_Neden_Onemlidir\"><\/span>\u015eirketler \u0130\u00e7in Almanca Neden \u00d6nemlidir?<span class=\"ez-toc-section-end\"><\/span><\/h2>\n<p>Almanya gayri safi yurti\u00e7i has\u0131las\u0131 (GSY\u0130H) ile Amerika Birle\u015fik Devletleri ve \u00c7in&#8217;in arkas\u0131nda d\u00fcnyan\u0131n en b\u00fcy\u00fck 3. ekonomisidir. Dolay\u0131s\u0131yla Almanya&#8217;n\u0131n d\u00fcnyadaki bir\u00e7ok \u00fclke ile do\u011frudan ihracat ve ithalat a\u011f\u0131 vard\u0131r. K\u00fcresel pazarda ba\u015far\u0131l\u0131 olmak isteyen \u015firketler i\u00e7in Almanca son derece \u00f6nemlidir. Farkl\u0131 pazarlara a\u00e7\u0131lma ve b\u00fcy\u00fcme hedefinde olan bir\u00e7ok global \u015firket web sitelerini, mobil uygulamalar\u0131n\u0131, kullan\u0131m k\u0131lavuzlar\u0131n\u0131, \u015firket dok\u00fcmanlar\u0131n\u0131 ve sunumlar\u0131n\u0131 Almancaya terc\u00fcme ettirmektedir. B\u00f6ylece \u015fu avantajlar sa\u011flanabilir;<\/p>\n<ul>\n<li>Ekonomik olarak d\u00fcnyan\u0131n en geli\u015fmi\u015f \u00fclkelerinden birisini potansiyel m\u00fc\u015fteri h\u00e2line getirerek ihracat oda\u011f\u0131na se\u00e7kin bir perspektif eklenmi\u015f olur.<\/li>\n<li>M\u00fchendislik, imalat sekt\u00f6rleri ba\u015fta olmak \u00fczere bir\u00e7ok farkl\u0131 alanda rekabette avantaj sa\u011flan\u0131r.<\/li>\n<li>Daha geni\u015f bir pazarda Almanca konu\u015fulan \u00fclkeler hedeflenerek 130 milyondan fazla ki\u015fiye kendi lisanlar\u0131nda seslenme olana\u011f\u0131 sunulur.<\/li>\n<\/ul>\n<h2><span class=\"ez-toc-section\" id=\"Almanca_Hakkinda_Ilginc_Bilgiler\"><\/span>Almanca Hakk\u0131nda \u0130lgin\u00e7 Bilgiler<span class=\"ez-toc-section-end\"><\/span><\/h2>\n<p>Almancada kimi s\u00f6zc\u00fckler \u00e7ok uzun olabilir: Almanca, bile\u015fik kelimeler olu\u015fturma konusunda olduk\u00e7a \u00f6zg\u00fcn bir dildir. Bu da \u00e7ok uzun kelimelerin olu\u015fmas\u0131na neden olabilir. \u00d6rne\u011fin, &#8220;Rindfleischetikettierungs\u00fcberwachungsgesetz&#8221; (s\u0131\u011f\u0131r eti etiketlemesi denetim yasas\u0131) kelimesi 39 harften, Kraftfahrzeughaftpflichtversicherung (otomobil m\u00fckellefiyet sigortas\u0131) 36 harften olu\u015fmaktad\u0131r.<\/p>\n<p>Almancada her s\u00f6zc\u00fc\u011f\u00fcn bir cinsiyeti vard\u0131r: Almanca isimler, zamirler ve fiiller dahil olmak \u00fczere hemen her s\u00f6zc\u00fc\u011f\u00fcn eril, di\u015fil veya n\u00f6tr bir cinsiyeti vard\u0131r. Bu durum, Almanca \u00f6\u011frenenler i\u00e7in adaptasyonu g\u00fc\u00e7le\u015ftirebilir.<\/p>\n<p>Almancada da T\u00fcrk\u00e7e gibi &#8220;\u00f6\u201d ve \u00fc&#8221; harfi vard\u0131r: Bir\u00e7ok dilde bulunmayan bu harfler T\u00fcrk\u00e7e gibi Almancada da mevcuttur.<\/p>\n<p>Almancada &#8220;\u00e4&#8221; harfi vard\u0131r: Bu \u00f6zel harf, Almancada T\u00fcrk\u00e7edeki &#8220;e&#8221; harfine benzer bir \u015fekilde telaffuz edilir.<\/p>\n<p>Almancada \u00df harfi de bulunur. Bu harf, &#8220;s&#8221; ve &#8220;z&#8221; seslerinin bir kombinasyonu olarak Almanca telaffuz edilir.<\/p>\n<h2><span class=\"ez-toc-section\" id=\"_Almanca_Nasil_Ogrenilir\"><\/span>\u00a0Almanca Nas\u0131l \u00d6\u011frenilir?<span class=\"ez-toc-section-end\"><\/span><\/h2>\n<p>Almanca \u00f6\u011frenmenin pek \u00e7ok farkl\u0131 metodu vard\u0131r. En yayg\u0131n y\u00f6ntemler ise \u015funlard\u0131r:<\/p>\n<ul>\n<li>Dil kurslar\u0131na gitmek: Almanca dil kurslar\u0131na kaydolarak dilbilgisi, s\u00f6zc\u00fck bilgisi ve konu\u015fma becerilerinizi ilerletebilirsiniz.<\/li>\n<li>\u00d6zel ders almak: Bireysel dersler alarak daha h\u0131zl\u0131 bir \u015fekilde Almanca \u00f6\u011frenebilirsiniz.<\/li>\n<li>Dil de\u011fi\u015fim programlar\u0131na kat\u0131lmak: Dil de\u011fi\u015fim programlar\u0131na kat\u0131l\u0131m sa\u011flayarak Almanca konu\u015fan bir aileyle ya\u015fayabilir ve bu dilin g\u00fcndelik ya\u015famda nas\u0131l kullan\u0131ld\u0131\u011f\u0131n\u0131 deneyimleyebilirsiniz.<\/li>\n<li>Online dil \u00f6\u011frenme platformlar\u0131n\u0131 kullanmak: Online dil \u00f6\u011frenme platformlar\u0131 ile ya\u015fad\u0131\u011f\u0131n\u0131 \u015fehirden \u00e7\u0131kmadan Almanca \u00f6\u011frenebilirsiniz.<\/li>\n<li>Almanca i\u00e7erik t\u00fcketimi: Almanca filmler ve diziler izleyerek hem Almanca dinleme becerilerinizi geli\u015ftirebilirsiniz bununla birlikte ba\u015flang\u0131\u00e7 seviyesindeki hik\u00e2ye kitaplar\u0131 da bu s\u00fcreci h\u0131zland\u0131racakt\u0131r.<\/li>\n<li>D\u00fcnyada Almanca konu\u015fulan \u00fclkeler aras\u0131ndan birinde ya\u015famak: \u00d6zellikle Almanya, Avusturya gibi Almancan\u0131n y\u00fcksek oranda konu\u015fuldu\u011fu \u00fclkelerden birinde belirli s\u00fcre ya\u015famak ve yerel halk ile s\u00fcrekli etkile\u015fim h\u00e2linde olarak dilin n\u00fcanslar\u0131n\u0131 \u00f6\u011frenebilirsiniz.<\/li>\n<\/ul>\n<p>Her dilde oldu\u011fu gibi Almanca \u00f6\u011frenmek i\u00e7in de en \u00f6nemli etken istikrarl\u0131 \u00e7al\u0131\u015fmakt\u0131r. Her g\u00fcn d\u00fczenli olarak Almanca \u00e7al\u0131\u015farak bu dili k\u0131sa s\u00fcrede \u00f6\u011frenebilirsiniz. Gramer yap\u0131s\u0131 ve s\u00f6zc\u00fcklere gelen eklerin karma\u015f\u0131kl\u0131\u011f\u0131n\u0131 da k\u0131sa s\u00fcrede \u00e7\u00f6zebilirsiniz.<\/p>\n<p>Sonu\u00e7 olarak, Almanca konu\u015fulan \u00fclkeler, ister bireysel ser\u00fcveninizde ister ticaret alan\u0131nda, Avrupa&#8217;da ve d\u00fcnyada farkl\u0131 f\u0131rsatlar\u0131 yakalayabilmenizi sa\u011flayabilecek kap\u0131lar sunmaktad\u0131r. Bu sebeple, ba\u015far\u0131ya ula\u015fmak i\u00e7in g\u00f6sterece\u011finiz azim, Almanca konu\u015fulan \u00fclkelerdeki f\u0131rsatlar\u0131n kap\u0131lar\u0131n\u0131 sizlere a\u00e7acakt\u0131r\u2026<\/p>\n<p>&nbsp;<\/p>\n","protected":false},"excerpt":{"rendered":"<p>Hint &#8211; Avrupa dil ailesi grubunda yer alan Almanca; Avrupa&#8217;da en \u00e7ok konu\u015fulan ana dil ve d\u00fcnya genelinde 130 milyondan fazla insan taraf\u0131ndan konu\u015fulan bir lisand\u0131r. Alman k\u00fclt\u00fcr\u00fc sadece Almanya i\u00e7inde de\u011fil Avrupa ve d\u00fcnyada da bask\u0131n k\u00fclt\u00fcrlerdendir. K\u00f6kl\u00fc bir tarihe ve etkile\u015fime sahip olan bu dil, sadece Almanya\u2019da kullan\u0131lm\u0131yor.\u00a0\u00d6zellikle resmi dili Almanca olan \u00fclkelere [&hellip;]<\/p>\n","protected":false},"author":5,"featured_media":5163,"comment_status":"open","ping_status":"open","sticky":false,"template":"","format":"standard","meta":{"_et_pb_use_builder":"","_et_pb_old_content":"","_et_gb_content_width":"","footnotes":""},"categories":[65],"tags":[],"class_list":["post-5009","post","type-post","status-publish","format-standard","has-post-thumbnail","hentry","category-tercume"],"yoast_head":"<!-- This site is optimized with the Yoast SEO plugin v22.3 - https:\/\/yoast.com\/wordpress\/plugins\/seo\/ -->\n<title>D\u00fcnyada Almanca Konu\u015fulan \u00dclkeler - Protranslate.Net<\/title>\n<meta name=\"description\" content=\"Almancan\u0131n 6 \u00dclkenin Resmi Dili Oldu\u011funu Biliyor muydunuz? D\u00fcnyada Almanca Konu\u015fulan \u00dclkeler Hakk\u0131nda Daha Fazlas\u0131 \u0130\u00e7in Makalemizi \u0130nceleyin.\" \/>\n<meta name=\"robots\" content=\"index, follow, max-snippet:-1, max-image-preview:large, max-video-preview:-1\" \/>\n<link rel=\"canonical\" href=\"https:\/\/www.protranslate.net\/blog\/tr\/dunyada-almanca-konusulan-ulkeler\/\" \/>\n<meta property=\"og:locale\" content=\"en_US\" \/>\n<meta property=\"og:type\" content=\"article\" \/>\n<meta property=\"og:title\" content=\"D\u00fcnyada Almanca Konu\u015fulan \u00dclkeler - Protranslate.Net\" \/>\n<meta property=\"og:description\" content=\"Almancan\u0131n 6 \u00dclkenin Resmi Dili Oldu\u011funu Biliyor muydunuz? D\u00fcnyada Almanca Konu\u015fulan \u00dclkeler Hakk\u0131nda Daha Fazlas\u0131 \u0130\u00e7in Makalemizi \u0130nceleyin.\" \/>\n<meta property=\"og:url\" content=\"https:\/\/www.protranslate.net\/blog\/tr\/dunyada-almanca-konusulan-ulkeler\/\" \/>\n<meta property=\"og:site_name\" content=\"Protranslate Blog\" \/>\n<meta property=\"article:published_time\" content=\"2024-05-13T14:45:01+00:00\" \/>\n<meta property=\"article:modified_time\" content=\"2024-09-21T07:58:55+00:00\" \/>\n<meta property=\"og:image\" content=\"https:\/\/www.protranslate.net\/blog\/wp-content\/uploads\/Almanca-Konusulan-Ulkeler-1.webp\" \/>\n\t<meta property=\"og:image:width\" content=\"800\" \/>\n\t<meta property=\"og:image:height\" content=\"500\" \/>\n\t<meta property=\"og:image:type\" content=\"image\/webp\" \/>\n<meta name=\"author\" content=\"Hasan Demirta\u015f\" \/>\n<meta name=\"twitter:card\" content=\"summary_large_image\" \/>\n<meta name=\"twitter:label1\" content=\"Written by\" \/>\n\t<meta name=\"twitter:data1\" content=\"Hasan Demirta\u015f\" \/>\n\t<meta name=\"twitter:label2\" content=\"Est. reading time\" \/>\n\t<meta name=\"twitter:data2\" content=\"6 minutes\" \/>\n<script type=\"application\/ld+json\" class=\"yoast-schema-graph\">{\"@context\":\"https:\/\/schema.org\",\"@graph\":[{\"@type\":\"WebPage\",\"@id\":\"https:\/\/www.protranslate.net\/blog\/tr\/dunyada-almanca-konusulan-ulkeler\/\",\"url\":\"https:\/\/www.protranslate.net\/blog\/tr\/dunyada-almanca-konusulan-ulkeler\/\",\"name\":\"D\u00fcnyada Almanca Konu\u015fulan \u00dclkeler - Protranslate.Net\",\"isPartOf\":{\"@id\":\"https:\/\/www.protranslate.net\/blog\/#website\"},\"primaryImageOfPage\":{\"@id\":\"https:\/\/www.protranslate.net\/blog\/tr\/dunyada-almanca-konusulan-ulkeler\/#primaryimage\"},\"image\":{\"@id\":\"https:\/\/www.protranslate.net\/blog\/tr\/dunyada-almanca-konusulan-ulkeler\/#primaryimage\"},\"thumbnailUrl\":\"https:\/\/www.protranslate.net\/blog\/wp-content\/uploads\/Almanca-Konusulan-Ulkeler-1.webp\",\"datePublished\":\"2024-05-13T14:45:01+00:00\",\"dateModified\":\"2024-09-21T07:58:55+00:00\",\"author\":{\"@id\":\"https:\/\/www.protranslate.net\/blog\/#\/schema\/person\/320f2a9900c954e49ed0a2d06dc3afb1\"},\"description\":\"Almancan\u0131n 6 \u00dclkenin Resmi Dili Oldu\u011funu Biliyor muydunuz? D\u00fcnyada Almanca Konu\u015fulan \u00dclkeler Hakk\u0131nda Daha Fazlas\u0131 \u0130\u00e7in Makalemizi \u0130nceleyin.\",\"breadcrumb\":{\"@id\":\"https:\/\/www.protranslate.net\/blog\/tr\/dunyada-almanca-konusulan-ulkeler\/#breadcrumb\"},\"inLanguage\":\"en-US\",\"potentialAction\":[{\"@type\":\"ReadAction\",\"target\":[\"https:\/\/www.protranslate.net\/blog\/tr\/dunyada-almanca-konusulan-ulkeler\/\"]}]},{\"@type\":\"ImageObject\",\"inLanguage\":\"en-US\",\"@id\":\"https:\/\/www.protranslate.net\/blog\/tr\/dunyada-almanca-konusulan-ulkeler\/#primaryimage\",\"url\":\"https:\/\/www.protranslate.net\/blog\/wp-content\/uploads\/Almanca-Konusulan-Ulkeler-1.webp\",\"contentUrl\":\"https:\/\/www.protranslate.net\/blog\/wp-content\/uploads\/Almanca-Konusulan-Ulkeler-1.webp\",\"width\":800,\"height\":500},{\"@type\":\"BreadcrumbList\",\"@id\":\"https:\/\/www.protranslate.net\/blog\/tr\/dunyada-almanca-konusulan-ulkeler\/#breadcrumb\",\"itemListElement\":[{\"@type\":\"ListItem\",\"position\":1,\"name\":\"Home\",\"item\":\"https:\/\/www.protranslate.net\/blog\/tr\/\"},{\"@type\":\"ListItem\",\"position\":2,\"name\":\"Hangi \u00dclkelerde Almanca Konu\u015fuluyor?\"}]},{\"@type\":\"WebSite\",\"@id\":\"https:\/\/www.protranslate.net\/blog\/#website\",\"url\":\"https:\/\/www.protranslate.net\/blog\/\",\"name\":\"Protranslate Blog\",\"description\":\"\",\"potentialAction\":[{\"@type\":\"SearchAction\",\"target\":{\"@type\":\"EntryPoint\",\"urlTemplate\":\"https:\/\/www.protranslate.net\/blog\/?s={search_term_string}\"},\"query-input\":\"required name=search_term_string\"}],\"inLanguage\":\"en-US\"},{\"@type\":\"Person\",\"@id\":\"https:\/\/www.protranslate.net\/blog\/#\/schema\/person\/320f2a9900c954e49ed0a2d06dc3afb1\",\"name\":\"Hasan Demirta\u015f\",\"image\":{\"@type\":\"ImageObject\",\"inLanguage\":\"en-US\",\"@id\":\"https:\/\/www.protranslate.net\/blog\/#\/schema\/person\/image\/\",\"url\":\"https:\/\/secure.gravatar.com\/avatar\/b15471ff5db12b78c04577dd79c14c4b16ed2618ae2220104a4d317b0ccfe4d0?s=96&d=mm&r=g\",\"contentUrl\":\"https:\/\/secure.gravatar.com\/avatar\/b15471ff5db12b78c04577dd79c14c4b16ed2618ae2220104a4d317b0ccfe4d0?s=96&d=mm&r=g\",\"caption\":\"Hasan Demirta\u015f\"},\"url\":\"https:\/\/www.protranslate.net\/blog\/author\/hasan-demirtas\/\"}]}<\/script>\n<!-- \/ Yoast SEO plugin. -->","yoast_head_json":{"title":"D\u00fcnyada Almanca Konu\u015fulan \u00dclkeler - Protranslate.Net","description":"Almancan\u0131n 6 \u00dclkenin Resmi Dili Oldu\u011funu Biliyor muydunuz? D\u00fcnyada Almanca Konu\u015fulan \u00dclkeler Hakk\u0131nda Daha Fazlas\u0131 \u0130\u00e7in Makalemizi \u0130nceleyin.","robots":{"index":"index","follow":"follow","max-snippet":"max-snippet:-1","max-image-preview":"max-image-preview:large","max-video-preview":"max-video-preview:-1"},"canonical":"https:\/\/www.protranslate.net\/blog\/tr\/dunyada-almanca-konusulan-ulkeler\/","og_locale":"en_US","og_type":"article","og_title":"D\u00fcnyada Almanca Konu\u015fulan \u00dclkeler - Protranslate.Net","og_description":"Almancan\u0131n 6 \u00dclkenin Resmi Dili Oldu\u011funu Biliyor muydunuz? D\u00fcnyada Almanca Konu\u015fulan \u00dclkeler Hakk\u0131nda Daha Fazlas\u0131 \u0130\u00e7in Makalemizi \u0130nceleyin.","og_url":"https:\/\/www.protranslate.net\/blog\/tr\/dunyada-almanca-konusulan-ulkeler\/","og_site_name":"Protranslate Blog","article_published_time":"2024-05-13T14:45:01+00:00","article_modified_time":"2024-09-21T07:58:55+00:00","og_image":[{"width":800,"height":500,"url":"https:\/\/www.protranslate.net\/blog\/wp-content\/uploads\/Almanca-Konusulan-Ulkeler-1.webp","type":"image\/webp"}],"author":"Hasan Demirta\u015f","twitter_card":"summary_large_image","twitter_misc":{"Written by":"Hasan Demirta\u015f","Est. reading time":"6 minutes"},"schema":{"@context":"https:\/\/schema.org","@graph":[{"@type":"WebPage","@id":"https:\/\/www.protranslate.net\/blog\/tr\/dunyada-almanca-konusulan-ulkeler\/","url":"https:\/\/www.protranslate.net\/blog\/tr\/dunyada-almanca-konusulan-ulkeler\/","name":"D\u00fcnyada Almanca Konu\u015fulan \u00dclkeler - Protranslate.Net","isPartOf":{"@id":"https:\/\/www.protranslate.net\/blog\/#website"},"primaryImageOfPage":{"@id":"https:\/\/www.protranslate.net\/blog\/tr\/dunyada-almanca-konusulan-ulkeler\/#primaryimage"},"image":{"@id":"https:\/\/www.protranslate.net\/blog\/tr\/dunyada-almanca-konusulan-ulkeler\/#primaryimage"},"thumbnailUrl":"https:\/\/www.protranslate.net\/blog\/wp-content\/uploads\/Almanca-Konusulan-Ulkeler-1.webp","datePublished":"2024-05-13T14:45:01+00:00","dateModified":"2024-09-21T07:58:55+00:00","author":{"@id":"https:\/\/www.protranslate.net\/blog\/#\/schema\/person\/320f2a9900c954e49ed0a2d06dc3afb1"},"description":"Almancan\u0131n 6 \u00dclkenin Resmi Dili Oldu\u011funu Biliyor muydunuz? D\u00fcnyada Almanca Konu\u015fulan \u00dclkeler Hakk\u0131nda Daha Fazlas\u0131 \u0130\u00e7in Makalemizi \u0130nceleyin.","breadcrumb":{"@id":"https:\/\/www.protranslate.net\/blog\/tr\/dunyada-almanca-konusulan-ulkeler\/#breadcrumb"},"inLanguage":"en-US","potentialAction":[{"@type":"ReadAction","target":["https:\/\/www.protranslate.net\/blog\/tr\/dunyada-almanca-konusulan-ulkeler\/"]}]},{"@type":"ImageObject","inLanguage":"en-US","@id":"https:\/\/www.protranslate.net\/blog\/tr\/dunyada-almanca-konusulan-ulkeler\/#primaryimage","url":"https:\/\/www.protranslate.net\/blog\/wp-content\/uploads\/Almanca-Konusulan-Ulkeler-1.webp","contentUrl":"https:\/\/www.protranslate.net\/blog\/wp-content\/uploads\/Almanca-Konusulan-Ulkeler-1.webp","width":800,"height":500},{"@type":"BreadcrumbList","@id":"https:\/\/www.protranslate.net\/blog\/tr\/dunyada-almanca-konusulan-ulkeler\/#breadcrumb","itemListElement":[{"@type":"ListItem","position":1,"name":"Home","item":"https:\/\/www.protranslate.net\/blog\/tr\/"},{"@type":"ListItem","position":2,"name":"Hangi \u00dclkelerde Almanca Konu\u015fuluyor?"}]},{"@type":"WebSite","@id":"https:\/\/www.protranslate.net\/blog\/#website","url":"https:\/\/www.protranslate.net\/blog\/","name":"Protranslate Blog","description":"","potentialAction":[{"@type":"SearchAction","target":{"@type":"EntryPoint","urlTemplate":"https:\/\/www.protranslate.net\/blog\/?s={search_term_string}"},"query-input":"required name=search_term_string"}],"inLanguage":"en-US"},{"@type":"Person","@id":"https:\/\/www.protranslate.net\/blog\/#\/schema\/person\/320f2a9900c954e49ed0a2d06dc3afb1","name":"Hasan Demirta\u015f","image":{"@type":"ImageObject","inLanguage":"en-US","@id":"https:\/\/www.protranslate.net\/blog\/#\/schema\/person\/image\/","url":"https:\/\/secure.gravatar.com\/avatar\/b15471ff5db12b78c04577dd79c14c4b16ed2618ae2220104a4d317b0ccfe4d0?s=96&d=mm&r=g","contentUrl":"https:\/\/secure.gravatar.com\/avatar\/b15471ff5db12b78c04577dd79c14c4b16ed2618ae2220104a4d317b0ccfe4d0?s=96&d=mm&r=g","caption":"Hasan Demirta\u015f"},"url":"https:\/\/www.protranslate.net\/blog\/author\/hasan-demirtas\/"}]}},"_links":{"self":[{"href":"https:\/\/www.protranslate.net\/blog\/wp-json\/wp\/v2\/posts\/5009","targetHints":{"allow":["GET"]}}],"collection":[{"href":"https:\/\/www.protranslate.net\/blog\/wp-json\/wp\/v2\/posts"}],"about":[{"href":"https:\/\/www.protranslate.net\/blog\/wp-json\/wp\/v2\/types\/post"}],"author":[{"embeddable":true,"href":"https:\/\/www.protranslate.net\/blog\/wp-json\/wp\/v2\/users\/5"}],"replies":[{"embeddable":true,"href":"https:\/\/www.protranslate.net\/blog\/wp-json\/wp\/v2\/comments?post=5009"}],"version-history":[{"count":22,"href":"https:\/\/www.protranslate.net\/blog\/wp-json\/wp\/v2\/posts\/5009\/revisions"}],"predecessor-version":[{"id":6344,"href":"https:\/\/www.protranslate.net\/blog\/wp-json\/wp\/v2\/posts\/5009\/revisions\/6344"}],"wp:featuredmedia":[{"embeddable":true,"href":"https:\/\/www.protranslate.net\/blog\/wp-json\/wp\/v2\/media\/5163"}],"wp:attachment":[{"href":"https:\/\/www.protranslate.net\/blog\/wp-json\/wp\/v2\/media?parent=5009"}],"wp:term":[{"taxonomy":"category","embeddable":true,"href":"https:\/\/www.protranslate.net\/blog\/wp-json\/wp\/v2\/categories?post=5009"},{"taxonomy":"post_tag","embeddable":true,"href":"https:\/\/www.protranslate.net\/blog\/wp-json\/wp\/v2\/tags?post=5009"}],"curies":[{"name":"wp","href":"https:\/\/api.w.org\/{rel}","templated":true}]}}