{"id":1,"date":"2023-08-25T13:34:03","date_gmt":"2023-08-25T13:34:03","guid":{"rendered":"http:\/\/test.protranslate.net\/blog\/?p=1"},"modified":"2024-03-23T17:11:08","modified_gmt":"2024-03-23T17:11:08","slug":"arapca-konusulan-ulkeler","status":"publish","type":"post","link":"https:\/\/www.protranslate.net\/blog\/tr\/arapca-konusulan-ulkeler\/","title":{"rendered":"D\u00fcnyada Arap\u00e7a Konu\u015fulan \u00dclkeler"},"content":{"rendered":"<div id=\"ez-toc-container\" class=\"ez-toc-v2_0_63 counter-hierarchy ez-toc-counter ez-toc-grey ez-toc-container-direction\">\n<div class=\"ez-toc-title-container\">\n<p class=\"ez-toc-title \" >Table of Contents<\/p>\n<span class=\"ez-toc-title-toggle\"><a href=\"#\" class=\"ez-toc-pull-right ez-toc-btn ez-toc-btn-xs ez-toc-btn-default ez-toc-toggle\" aria-label=\"Toggle Table of Content\"><span class=\"ez-toc-js-icon-con\"><span class=\"\"><span class=\"eztoc-hide\" style=\"display:none;\">Toggle<\/span><span class=\"ez-toc-icon-toggle-span\"><svg style=\"fill: #999;color:#999\" xmlns=\"http:\/\/www.w3.org\/2000\/svg\" class=\"list-377408\" width=\"20px\" height=\"20px\" viewBox=\"0 0 24 24\" fill=\"none\"><path d=\"M6 6H4v2h2V6zm14 0H8v2h12V6zM4 11h2v2H4v-2zm16 0H8v2h12v-2zM4 16h2v2H4v-2zm16 0H8v2h12v-2z\" fill=\"currentColor\"><\/path><\/svg><svg style=\"fill: #999;color:#999\" class=\"arrow-unsorted-368013\" xmlns=\"http:\/\/www.w3.org\/2000\/svg\" width=\"10px\" height=\"10px\" viewBox=\"0 0 24 24\" version=\"1.2\" baseProfile=\"tiny\"><path d=\"M18.2 9.3l-6.2-6.3-6.2 6.3c-.2.2-.3.4-.3.7s.1.5.3.7c.2.2.4.3.7.3h11c.3 0 .5-.1.7-.3.2-.2.3-.5.3-.7s-.1-.5-.3-.7zM5.8 14.7l6.2 6.3 6.2-6.3c.2-.2.3-.5.3-.7s-.1-.5-.3-.7c-.2-.2-.4-.3-.7-.3h-11c-.3 0-.5.1-.7.3-.2.2-.3.5-.3.7s.1.5.3.7z\"\/><\/svg><\/span><\/span><\/span><\/a><\/span><\/div>\n<nav><ul class='ez-toc-list ez-toc-list-level-1 ' ><li class='ez-toc-page-1 ez-toc-heading-level-2'><a class=\"ez-toc-link ez-toc-heading-1\" href=\"https:\/\/www.protranslate.net\/blog\/tr\/arapca-konusulan-ulkeler\/#Bir_Dunya_Dili_Olarak_Arapca\" title=\"Bir D\u00fcnya Dili Olarak Arap\u00e7a\">Bir D\u00fcnya Dili Olarak Arap\u00e7a<\/a><\/li><li class='ez-toc-page-1 ez-toc-heading-level-2'><a class=\"ez-toc-link ez-toc-heading-2\" href=\"https:\/\/www.protranslate.net\/blog\/tr\/arapca-konusulan-ulkeler\/#Arapca_Konusulan_Ulkeler_ve_Nufus_Dagilimi\" title=\"Arap\u00e7a Konu\u015fulan \u00dclkeler ve N\u00fcfus Da\u011f\u0131l\u0131m\u0131\">Arap\u00e7a Konu\u015fulan \u00dclkeler ve N\u00fcfus Da\u011f\u0131l\u0131m\u0131<\/a><\/li><li class='ez-toc-page-1 ez-toc-heading-level-2'><a class=\"ez-toc-link ez-toc-heading-3\" href=\"https:\/\/www.protranslate.net\/blog\/tr\/arapca-konusulan-ulkeler\/#Arapcanin_Diger_Dillerle_Etkilesimi\" title=\"Arap\u00e7an\u0131n Di\u011fer Dillerle Etkile\u015fimi\">Arap\u00e7an\u0131n Di\u011fer Dillerle Etkile\u015fimi<\/a><\/li><li class='ez-toc-page-1 ez-toc-heading-level-2'><a class=\"ez-toc-link ez-toc-heading-4\" href=\"https:\/\/www.protranslate.net\/blog\/tr\/arapca-konusulan-ulkeler\/#Arapcanin_Konusuldugu_Cografyalar\" title=\"Arap\u00e7an\u0131n Konu\u015fuldu\u011fu Co\u011frafyalar\">Arap\u00e7an\u0131n Konu\u015fuldu\u011fu Co\u011frafyalar<\/a><\/li><\/ul><\/nav><\/div>\n<h2><span class=\"ez-toc-section\" id=\"Bir_Dunya_Dili_Olarak_Arapca\"><\/span>Bir D\u00fcnya Dili Olarak Arap\u00e7a<span class=\"ez-toc-section-end\"><\/span><\/h2>\n<p>Arap\u00e7a g\u00fcn\u00fcm\u00fczde en \u00e7ok konu\u015fulan dillerinin ba\u015f\u0131nda gelmektedir. Sami dilleri aras\u0131nda bulunan Arap\u00e7a, ayn\u0131 zamanda Kur\u2019an\u2019\u0131n yaz\u0131ld\u0131\u011f\u0131 dil olmas\u0131ndan dolay\u0131 dindar olan insanlar\u0131 kutsal dillerini anlamaya ve \u00f6\u011frenmeye te\u015fvik etmektedir. Arap\u00e7a konu\u015fulan \u00fclkeler co\u011frafi olarak K\u00f6rfez, Kuzey Afrika\u2019da bulunmaktad\u0131r.<\/p>\n<h2><span class=\"ez-toc-section\" id=\"Arapca_Konusulan_Ulkeler_ve_Nufus_Dagilimi\"><\/span>Arap\u00e7a Konu\u015fulan \u00dclkeler ve N\u00fcfus Da\u011f\u0131l\u0131m\u0131<span class=\"ez-toc-section-end\"><\/span><\/h2>\n<p>Verilere g\u00f6re d\u00fcnyada Arap \u00fclkeleri dahilinde Arap\u00e7a konu\u015fan insan say\u0131s\u0131 30 leh\u00e7enin tamam\u0131 hesaba kat\u0131ld\u0131\u011f\u0131nda 2016 y\u0131l\u0131nda 420 milyon olarak belirlenmi\u015ftir. Arap\u00e7a konu\u015fan \u00fclkelerin ba\u015f\u0131nda 82 milyon ki\u015fi ile M\u0131s\u0131r gelmektedir. M\u0131s\u0131r\u2019\u0131 takip eden \u00fclkeler s\u0131rayla Cezayir (39.2 milyon), Sudan (38 milyon), Irak (33 milyon), Fas (33 milyon), Suudi Arabistan (28.2 milyon), Yemen (24.5 milyon), Suriye (22.5 milyon), Tunus (10.9 milyon), Birle\u015fik Arap Emirlikleri (9.3 milyon), \u00dcrd\u00fcn (6.4 milyon), Libya (6.2 milyon), L\u00fcbnan (4.5 milyon), Filistin (4.1 milyon), Moritanya (3.9 milyon), Umman (3.6 milyon), Kuveyt (3.3 milyon), Katar (2.2 milyon) ve Bahreyn\u2019dir (1.3 milyon).<\/p>\n<h2><span class=\"ez-toc-section\" id=\"Arapcanin_Diger_Dillerle_Etkilesimi\"><\/span>Arap\u00e7an\u0131n Di\u011fer Dillerle Etkile\u015fimi<span class=\"ez-toc-section-end\"><\/span><\/h2>\n<p>Belirtilmesi gereken bir nokta Arap\u00e7an\u0131n <a href=\"https:\/\/www.protranslate.net\/blog\/tr\/arap-kulturu-hakkinda-bilinmesi-gerekenler\/\">Arap k\u00fclt\u00fcr\u00fc<\/a> \u00fczerinde oldu\u011fu gibi T\u00fcrk\u00e7e, Bo\u015fnak\u00e7a, Fars\u00e7a ve Hint\u00e7eyi, hatta \u0130ngilizceyi bile b\u00fcy\u00fck derecede etkilemi\u015f olmas\u0131d\u0131r. T\u00fcrk\u00e7ede fark\u0131nda olmadan g\u00fcnl\u00fck hayatta kulland\u0131\u011f\u0131m\u0131z fazlas\u0131yla Arap\u00e7a ve Arap k\u00f6kenli kelime bulunmaktad\u0131r. Bunlardan en bilindik \u00f6rnekler \u201ckitap\u201d, \u201cak\u0131l\u201d ve \u201ccevap\u201d gibi basit ama dilimize iyice yerle\u015fmi\u015f kelimelerdir. <a href=\"https:\/\/www.protranslate.net\/tr\/arapca-ceviri-burosu\/\">Arap\u00e7a<\/a>, Birle\u015fmi\u015f Milletler\u2019in resmi dilleri aras\u0131nda olup konu\u015fan say\u0131s\u0131n\u0131 n\u00fcfus art\u0131\u015f\u0131 ve g\u00f6\u00e7 dolay\u0131s\u0131yla gittik\u00e7e artt\u0131rmaktad\u0131r. Arap\u00e7a alfabe bak\u0131m\u0131ndan \u00e7ok zor olsa da ayn\u0131 zamanda hat sanat\u0131n\u0131 da en g\u00fczel yans\u0131tan alfabe Arap alfabesidir.<\/p>\n<h2><span class=\"ez-toc-section\" id=\"Arapcanin_Konusuldugu_Cografyalar\"><\/span>Arap\u00e7an\u0131n Konu\u015fuldu\u011fu Co\u011frafyalar<span class=\"ez-toc-section-end\"><\/span><\/h2>\n<p>Arap\u00e7a aslen K\u00f6rfez B\u00f6lgesi ve Arap yar\u0131madas\u0131nda do\u011fmu\u015f bir dildir. \u0130slamiyet\u2019in d\u00fcnyaya yay\u0131lmas\u0131 ve k\u00fclt\u00fcrel bask\u0131nl\u0131\u011f\u0131 ile Kuzey Afrika, M\u0131s\u0131r gibi b\u00f6lgelerin de resmi dili halini alm\u0131\u015ft\u0131r. Y\u00fczy\u0131llar i\u00e7erisinde \u0130spanya ve G\u00fcney Asya\u2019y\u0131 da kapsayan geni\u015f bir co\u011frafyan\u0131n \u00fcst k\u00fclt\u00fcr dili haline gelmi\u015ftir. G\u00fcn\u00fcm\u00fczde, Kur\u2019an-\u0131 Kerim\u2019in yaz\u0131ld\u0131\u011f\u0131 Arap\u00e7a dil olarak kabul edilen \u201cHicaz Arap\u00e7as\u0131\u201d g\u00fcn\u00fcm\u00fcze kadar de\u011fi\u015fmeden kalm\u0131\u015ft\u0131r ve Standart Arap\u00e7a olarak kabul edilir. Bu leh\u00e7enin ad\u0131 \u201cFusha\u201d olarak bilinmektedir ve d\u00fcnya \u00fczerinde Arap\u00e7a konu\u015fan t\u00fcm devletlerin resmi dili olarak kabul g\u00f6ren Arap\u00e7a leh\u00e7esi Fusha\u2019d\u0131r.<\/p>\n\n            <style>\n                #mica_ecta_2.mica_ecta_layout{\n                    padding-top: 20px !important;\n                    padding-bottom: 20px !important;\n                    padding-left: 30px !important;\n                    padding-right: 30px !important;\n                    border-radius: 10px !important;\n                    background-color: #00a3d7 !important;\n                    text-align: left !important;\n                }\n\n                #mica_ecta_2 .mica_ecta_title{\n                    font-size: 28px !important;\n                    font-weight: 700 !important;\n                    color: #ffffff !important;\n                    line-height: 1.3 !important;\n                    margin-top: 0 !important;\n                    margin-bottom: 0.5rem !important;\n                }\n\n                #mica_ecta_2 .mica_ecta_text{\n                    font-size: 16px !important;\n                    font-weight: 400 !important;\n                    color: #ffffff !important;\n                    line-height: 1.5 !important;\n                    margin-top: 0 !important;\n                    margin-bottom: 1rem !important;\n                }\n                \n                #mica_ecta_2 .mica_ecta_btn{\n                    font-size: 16px !important;\n                    font-weight: 700 !important;\n                    color: #1b1b1b !important;\n                    background-color: #f1f51b !important;\n                    padding-top: 8px !important;\n                    padding-bottom: 8px !important;\n                    padding-left: 16px !important;\n                    padding-right: 16px !important;\n                    border-radius: 6px !important;\n                    text-decoration: none !important;\n                    outline: none !important;\n                    transition: all 0.3s ease !important;\n                    margin-top: 5px !important;\n                    display: inline-block !important;\n                }\n                \n                #mica_ecta_2 .mica_ecta_btn:hover{\n                    color: #ffffff !important;\n                    background-color: #f45b69 !important;\n                }\n            <\/style>\n            <div id='mica_ecta_2' class='mica_ecta_layout'><h3 class='mica_ecta_title'>Profesyonel Terc\u00fcme Hizmetleri<\/h3><p class='mica_ecta_text'>Belgelerinizin 120\u2019den fazla dilde profesyonel bir terc\u00fcman taraf\u0131ndan 24 saat teslimatla terc\u00fcme edilmesini ve onaylanmas\u0131n\u0131 sa\u011flay\u0131n.<\/p><a href='https:\/\/www.protranslate.net\/tr\/siparis\/' class='mica_ecta_btn' target=&#039;_blank&#039;>Hemen Teklif Al\u0131n<\/a><\/div>\n","protected":false},"excerpt":{"rendered":"<p>D\u00fcnya genelinde en yayg\u0131n konu\u015fulan dillerden biri olan Arap\u00e7a, Sami dil koluna mensuptur. Al\u0131\u015f\u0131lagelmi\u015f yaz\u0131m tarz\u0131n\u0131n aksine Arap\u00e7a dili, sa\u011fdan sola yaz\u0131lmaktad\u0131r. En \u00e7ok Arap \u00fclkelerinde konu\u015fulan Arap\u00e7a, Birle\u015fmi\u015f Milletlerce kabul g\u00f6ren 6 resmi dilden biridir. Resmi dili Arap\u00e7a olan \u00fclkeler ile bu \u00fclkelerin d\u0131\u015f\u0131nda ana dili Arapa olmamas\u0131na ra\u011fmen bir\u00e7ok Arap\u00e7a konu\u015fan devletler ve milletler de bulunuyor.<\/p>\n","protected":false},"author":2,"featured_media":4727,"comment_status":"open","ping_status":"open","sticky":false,"template":"","format":"standard","meta":{"_et_pb_use_builder":"","_et_pb_old_content":"","_et_gb_content_width":"","footnotes":""},"categories":[57,65],"tags":[],"class_list":["post-1","post","type-post","status-publish","format-standard","has-post-thumbnail","hentry","category-mena-bolgesi","category-tercume"],"yoast_head":"<!-- This site is optimized with the Yoast SEO plugin v22.3 - https:\/\/yoast.com\/wordpress\/plugins\/seo\/ -->\n<title>Arap\u00e7a Konu\u015fulan \u00dclkeler Hangileridir? | Protranslate Blog<\/title>\n<meta name=\"description\" content=\"Arap\u00e7a Konu\u015fulan \u00dclkeler hangi \u00fclkelerdir? Bu \u00fclkelerin n\u00fcfusunu ve Arap\u00e7an\u0131n neden d\u00fcnyada \u00f6nemli bir yere sahip oldu\u011funu \u00f6\u011frenmek i\u00e7in makalemize buyurun.\" \/>\n<meta name=\"robots\" content=\"index, follow, max-snippet:-1, max-image-preview:large, max-video-preview:-1\" \/>\n<link rel=\"canonical\" href=\"https:\/\/www.protranslate.net\/blog\/tr\/arapca-konusulan-ulkeler\/\" \/>\n<meta property=\"og:locale\" content=\"en_US\" \/>\n<meta property=\"og:type\" content=\"article\" \/>\n<meta property=\"og:title\" content=\"Arap\u00e7a Konu\u015fulan \u00dclkeler Hangileridir? | Protranslate Blog\" \/>\n<meta property=\"og:description\" content=\"Arap\u00e7a Konu\u015fulan \u00dclkeler hangi \u00fclkelerdir? Bu \u00fclkelerin n\u00fcfusunu ve Arap\u00e7an\u0131n neden d\u00fcnyada \u00f6nemli bir yere sahip oldu\u011funu \u00f6\u011frenmek i\u00e7in makalemize buyurun.\" \/>\n<meta property=\"og:url\" content=\"https:\/\/www.protranslate.net\/blog\/tr\/arapca-konusulan-ulkeler\/\" \/>\n<meta property=\"og:site_name\" content=\"Protranslate Blog\" \/>\n<meta property=\"article:published_time\" content=\"2023-08-25T13:34:03+00:00\" \/>\n<meta property=\"article:modified_time\" content=\"2024-03-23T17:11:08+00:00\" \/>\n<meta property=\"og:image\" content=\"https:\/\/www.protranslate.net\/blog\/wp-content\/uploads\/arabic.webp\" \/>\n\t<meta property=\"og:image:width\" content=\"730\" \/>\n\t<meta property=\"og:image:height\" content=\"411\" \/>\n\t<meta property=\"og:image:type\" content=\"image\/webp\" \/>\n<meta name=\"author\" content=\"Rana Maalouf\" \/>\n<meta name=\"twitter:card\" content=\"summary_large_image\" \/>\n<meta name=\"twitter:label1\" content=\"Written by\" \/>\n\t<meta name=\"twitter:data1\" content=\"Rana Maalouf\" \/>\n\t<meta name=\"twitter:label2\" content=\"Est. reading time\" \/>\n\t<meta name=\"twitter:data2\" content=\"2 minutes\" \/>\n<script type=\"application\/ld+json\" class=\"yoast-schema-graph\">{\"@context\":\"https:\/\/schema.org\",\"@graph\":[{\"@type\":\"WebPage\",\"@id\":\"https:\/\/www.protranslate.net\/blog\/tr\/arapca-konusulan-ulkeler\/\",\"url\":\"https:\/\/www.protranslate.net\/blog\/tr\/arapca-konusulan-ulkeler\/\",\"name\":\"Arap\u00e7a Konu\u015fulan \u00dclkeler Hangileridir? | Protranslate Blog\",\"isPartOf\":{\"@id\":\"https:\/\/www.protranslate.net\/blog\/#website\"},\"primaryImageOfPage\":{\"@id\":\"https:\/\/www.protranslate.net\/blog\/tr\/arapca-konusulan-ulkeler\/#primaryimage\"},\"image\":{\"@id\":\"https:\/\/www.protranslate.net\/blog\/tr\/arapca-konusulan-ulkeler\/#primaryimage\"},\"thumbnailUrl\":\"https:\/\/www.protranslate.net\/blog\/wp-content\/uploads\/arabic.webp\",\"datePublished\":\"2023-08-25T13:34:03+00:00\",\"dateModified\":\"2024-03-23T17:11:08+00:00\",\"author\":{\"@id\":\"https:\/\/www.protranslate.net\/blog\/#\/schema\/person\/ba367d7fc9316e276f53be763e749a47\"},\"description\":\"Arap\u00e7a Konu\u015fulan \u00dclkeler hangi \u00fclkelerdir? Bu \u00fclkelerin n\u00fcfusunu ve Arap\u00e7an\u0131n neden d\u00fcnyada \u00f6nemli bir yere sahip oldu\u011funu \u00f6\u011frenmek i\u00e7in makalemize buyurun.\",\"breadcrumb\":{\"@id\":\"https:\/\/www.protranslate.net\/blog\/tr\/arapca-konusulan-ulkeler\/#breadcrumb\"},\"inLanguage\":\"en-US\",\"potentialAction\":[{\"@type\":\"ReadAction\",\"target\":[\"https:\/\/www.protranslate.net\/blog\/tr\/arapca-konusulan-ulkeler\/\"]}]},{\"@type\":\"ImageObject\",\"inLanguage\":\"en-US\",\"@id\":\"https:\/\/www.protranslate.net\/blog\/tr\/arapca-konusulan-ulkeler\/#primaryimage\",\"url\":\"https:\/\/www.protranslate.net\/blog\/wp-content\/uploads\/arabic.webp\",\"contentUrl\":\"https:\/\/www.protranslate.net\/blog\/wp-content\/uploads\/arabic.webp\",\"width\":730,\"height\":411},{\"@type\":\"BreadcrumbList\",\"@id\":\"https:\/\/www.protranslate.net\/blog\/tr\/arapca-konusulan-ulkeler\/#breadcrumb\",\"itemListElement\":[{\"@type\":\"ListItem\",\"position\":1,\"name\":\"Home\",\"item\":\"https:\/\/www.protranslate.net\/blog\/tr\/\"},{\"@type\":\"ListItem\",\"position\":2,\"name\":\"D\u00fcnyada Arap\u00e7a Konu\u015fulan \u00dclkeler\"}]},{\"@type\":\"WebSite\",\"@id\":\"https:\/\/www.protranslate.net\/blog\/#website\",\"url\":\"https:\/\/www.protranslate.net\/blog\/\",\"name\":\"Protranslate Blog\",\"description\":\"\",\"potentialAction\":[{\"@type\":\"SearchAction\",\"target\":{\"@type\":\"EntryPoint\",\"urlTemplate\":\"https:\/\/www.protranslate.net\/blog\/?s={search_term_string}\"},\"query-input\":\"required name=search_term_string\"}],\"inLanguage\":\"en-US\"},{\"@type\":\"Person\",\"@id\":\"https:\/\/www.protranslate.net\/blog\/#\/schema\/person\/ba367d7fc9316e276f53be763e749a47\",\"name\":\"Rana Maalouf\",\"image\":{\"@type\":\"ImageObject\",\"inLanguage\":\"en-US\",\"@id\":\"https:\/\/www.protranslate.net\/blog\/#\/schema\/person\/image\/\",\"url\":\"https:\/\/www.protranslate.net\/blog\/wp-content\/uploads\/2023\/11\/1517267696540-1.jpeg\",\"contentUrl\":\"https:\/\/www.protranslate.net\/blog\/wp-content\/uploads\/2023\/11\/1517267696540-1.jpeg\",\"caption\":\"Rana Maalouf\"},\"description\":\"Since 2017, Rana has been managing content creation at Protranslate and pioneering business development. As an experienced marketing manager with a Master's degree in Linguistics and Intercultural Studies, and a BEd degree in Marketing Management, she brings extensive expertise to her role. Her experience spans various countries, having lived in five different cultural environments. Rana is fluent in three languages and has a keen interest in surfing, literature, and keeping up with the latest developments in globalization, artificial intelligence, and linguistic advancements.\",\"sameAs\":[\"https:\/\/protranslate.net\",\"https:\/\/www.linkedin.com\/in\/rana-maalouf-62bb35134\/\"],\"url\":\"https:\/\/www.protranslate.net\/blog\/author\/rana-maalouf\/\"}]}<\/script>\n<!-- \/ Yoast SEO plugin. -->","yoast_head_json":{"title":"Arap\u00e7a Konu\u015fulan \u00dclkeler Hangileridir? | Protranslate Blog","description":"Arap\u00e7a Konu\u015fulan \u00dclkeler hangi \u00fclkelerdir? Bu \u00fclkelerin n\u00fcfusunu ve Arap\u00e7an\u0131n neden d\u00fcnyada \u00f6nemli bir yere sahip oldu\u011funu \u00f6\u011frenmek i\u00e7in makalemize buyurun.","robots":{"index":"index","follow":"follow","max-snippet":"max-snippet:-1","max-image-preview":"max-image-preview:large","max-video-preview":"max-video-preview:-1"},"canonical":"https:\/\/www.protranslate.net\/blog\/tr\/arapca-konusulan-ulkeler\/","og_locale":"en_US","og_type":"article","og_title":"Arap\u00e7a Konu\u015fulan \u00dclkeler Hangileridir? | Protranslate Blog","og_description":"Arap\u00e7a Konu\u015fulan \u00dclkeler hangi \u00fclkelerdir? Bu \u00fclkelerin n\u00fcfusunu ve Arap\u00e7an\u0131n neden d\u00fcnyada \u00f6nemli bir yere sahip oldu\u011funu \u00f6\u011frenmek i\u00e7in makalemize buyurun.","og_url":"https:\/\/www.protranslate.net\/blog\/tr\/arapca-konusulan-ulkeler\/","og_site_name":"Protranslate Blog","article_published_time":"2023-08-25T13:34:03+00:00","article_modified_time":"2024-03-23T17:11:08+00:00","og_image":[{"width":730,"height":411,"url":"https:\/\/www.protranslate.net\/blog\/wp-content\/uploads\/arabic.webp","type":"image\/webp"}],"author":"Rana Maalouf","twitter_card":"summary_large_image","twitter_misc":{"Written by":"Rana Maalouf","Est. reading time":"2 minutes"},"schema":{"@context":"https:\/\/schema.org","@graph":[{"@type":"WebPage","@id":"https:\/\/www.protranslate.net\/blog\/tr\/arapca-konusulan-ulkeler\/","url":"https:\/\/www.protranslate.net\/blog\/tr\/arapca-konusulan-ulkeler\/","name":"Arap\u00e7a Konu\u015fulan \u00dclkeler Hangileridir? | Protranslate Blog","isPartOf":{"@id":"https:\/\/www.protranslate.net\/blog\/#website"},"primaryImageOfPage":{"@id":"https:\/\/www.protranslate.net\/blog\/tr\/arapca-konusulan-ulkeler\/#primaryimage"},"image":{"@id":"https:\/\/www.protranslate.net\/blog\/tr\/arapca-konusulan-ulkeler\/#primaryimage"},"thumbnailUrl":"https:\/\/www.protranslate.net\/blog\/wp-content\/uploads\/arabic.webp","datePublished":"2023-08-25T13:34:03+00:00","dateModified":"2024-03-23T17:11:08+00:00","author":{"@id":"https:\/\/www.protranslate.net\/blog\/#\/schema\/person\/ba367d7fc9316e276f53be763e749a47"},"description":"Arap\u00e7a Konu\u015fulan \u00dclkeler hangi \u00fclkelerdir? Bu \u00fclkelerin n\u00fcfusunu ve Arap\u00e7an\u0131n neden d\u00fcnyada \u00f6nemli bir yere sahip oldu\u011funu \u00f6\u011frenmek i\u00e7in makalemize buyurun.","breadcrumb":{"@id":"https:\/\/www.protranslate.net\/blog\/tr\/arapca-konusulan-ulkeler\/#breadcrumb"},"inLanguage":"en-US","potentialAction":[{"@type":"ReadAction","target":["https:\/\/www.protranslate.net\/blog\/tr\/arapca-konusulan-ulkeler\/"]}]},{"@type":"ImageObject","inLanguage":"en-US","@id":"https:\/\/www.protranslate.net\/blog\/tr\/arapca-konusulan-ulkeler\/#primaryimage","url":"https:\/\/www.protranslate.net\/blog\/wp-content\/uploads\/arabic.webp","contentUrl":"https:\/\/www.protranslate.net\/blog\/wp-content\/uploads\/arabic.webp","width":730,"height":411},{"@type":"BreadcrumbList","@id":"https:\/\/www.protranslate.net\/blog\/tr\/arapca-konusulan-ulkeler\/#breadcrumb","itemListElement":[{"@type":"ListItem","position":1,"name":"Home","item":"https:\/\/www.protranslate.net\/blog\/tr\/"},{"@type":"ListItem","position":2,"name":"D\u00fcnyada Arap\u00e7a Konu\u015fulan \u00dclkeler"}]},{"@type":"WebSite","@id":"https:\/\/www.protranslate.net\/blog\/#website","url":"https:\/\/www.protranslate.net\/blog\/","name":"Protranslate Blog","description":"","potentialAction":[{"@type":"SearchAction","target":{"@type":"EntryPoint","urlTemplate":"https:\/\/www.protranslate.net\/blog\/?s={search_term_string}"},"query-input":"required name=search_term_string"}],"inLanguage":"en-US"},{"@type":"Person","@id":"https:\/\/www.protranslate.net\/blog\/#\/schema\/person\/ba367d7fc9316e276f53be763e749a47","name":"Rana Maalouf","image":{"@type":"ImageObject","inLanguage":"en-US","@id":"https:\/\/www.protranslate.net\/blog\/#\/schema\/person\/image\/","url":"https:\/\/www.protranslate.net\/blog\/wp-content\/uploads\/2023\/11\/1517267696540-1.jpeg","contentUrl":"https:\/\/www.protranslate.net\/blog\/wp-content\/uploads\/2023\/11\/1517267696540-1.jpeg","caption":"Rana Maalouf"},"description":"Since 2017, Rana has been managing content creation at Protranslate and pioneering business development. As an experienced marketing manager with a Master's degree in Linguistics and Intercultural Studies, and a BEd degree in Marketing Management, she brings extensive expertise to her role. Her experience spans various countries, having lived in five different cultural environments. Rana is fluent in three languages and has a keen interest in surfing, literature, and keeping up with the latest developments in globalization, artificial intelligence, and linguistic advancements.","sameAs":["https:\/\/protranslate.net","https:\/\/www.linkedin.com\/in\/rana-maalouf-62bb35134\/"],"url":"https:\/\/www.protranslate.net\/blog\/author\/rana-maalouf\/"}]}},"_links":{"self":[{"href":"https:\/\/www.protranslate.net\/blog\/wp-json\/wp\/v2\/posts\/1","targetHints":{"allow":["GET"]}}],"collection":[{"href":"https:\/\/www.protranslate.net\/blog\/wp-json\/wp\/v2\/posts"}],"about":[{"href":"https:\/\/www.protranslate.net\/blog\/wp-json\/wp\/v2\/types\/post"}],"author":[{"embeddable":true,"href":"https:\/\/www.protranslate.net\/blog\/wp-json\/wp\/v2\/users\/2"}],"replies":[{"embeddable":true,"href":"https:\/\/www.protranslate.net\/blog\/wp-json\/wp\/v2\/comments?post=1"}],"version-history":[{"count":1,"href":"https:\/\/www.protranslate.net\/blog\/wp-json\/wp\/v2\/posts\/1\/revisions"}],"predecessor-version":[{"id":4728,"href":"https:\/\/www.protranslate.net\/blog\/wp-json\/wp\/v2\/posts\/1\/revisions\/4728"}],"wp:featuredmedia":[{"embeddable":true,"href":"https:\/\/www.protranslate.net\/blog\/wp-json\/wp\/v2\/media\/4727"}],"wp:attachment":[{"href":"https:\/\/www.protranslate.net\/blog\/wp-json\/wp\/v2\/media?parent=1"}],"wp:term":[{"taxonomy":"category","embeddable":true,"href":"https:\/\/www.protranslate.net\/blog\/wp-json\/wp\/v2\/categories?post=1"},{"taxonomy":"post_tag","embeddable":true,"href":"https:\/\/www.protranslate.net\/blog\/wp-json\/wp\/v2\/tags?post=1"}],"curies":[{"name":"wp","href":"https:\/\/api.w.org\/{rel}","templated":true}]}}